{"id":6479,"date":"2016-11-02T03:47:32","date_gmt":"2016-11-02T03:47:32","guid":{"rendered":"http:\/\/staging.ibermusicas.org\/?p=6479"},"modified":"2021-05-26T03:51:35","modified_gmt":"2021-05-26T03:51:35","slug":"los-musiqueros-la-agrupacion-argentina-dedicada-a-la-musica-para-ninos-realizara-una-gira-por-varias-ciudades-de-mexico","status":"publish","type":"post","link":"http:\/\/staging.ibermusicas.org\/index.php\/los-musiqueros-la-agrupacion-argentina-dedicada-a-la-musica-para-ninos-realizara-una-gira-por-varias-ciudades-de-mexico\/","title":{"rendered":"LOS MUSIQUEROS, la agrupaci\u00f3n argentina dedicada a la m\u00fasica para ni\u00f1os, realizar\u00e1 una gira por varias ciudades de M\u00e9xico"},"content":{"rendered":"<p>Los Musiqueros, el afamado tr\u00edo argentino que innov\u00f3 el repertorio infantil con temas que han hecho cantar a toda una generaci\u00f3n de chicos, integrado por Tere Usandivaras, Julio Calvo y Pablo Spiller, festejan el don de la m\u00fasica que tiene todo ser humano y lo comparten con calidad musical y calidez interpretativa. <\/p>\n","protected":false},"excerpt":{"rendered":"<p>Los Musiqueros, el afamado tr\u00edo argentino que innov\u00f3 el repertorio infantil con temas que han hecho cantar a toda una generaci\u00f3n de chicos, integrado por Tere Usandivaras, Julio Calvo y Pablo Spiller, festejan el don de la m\u00fasica que tiene todo ser humano y lo comparten con calidad musical y calidez interpretativa.<\/p>\n","protected":false},"author":1,"featured_media":6476,"comment_status":"closed","ping_status":"closed","sticky":false,"template":"","format":"standard","meta":{"footnotes":""},"categories":[53],"tags":[],"class_list":["post-6479","post","type-post","status-publish","format-standard","has-post-thumbnail","hentry","category-noticias-generales"],"lang":"es","translations":{"es":6479},"pll_sync_post":[],"post_mailing_queue_ids":[],"_links":{"self":[{"href":"http:\/\/staging.ibermusicas.org\/index.php\/wp-json\/wp\/v2\/posts\/6479","targetHints":{"allow":["GET"]}}],"collection":[{"href":"http:\/\/staging.ibermusicas.org\/index.php\/wp-json\/wp\/v2\/posts"}],"about":[{"href":"http:\/\/staging.ibermusicas.org\/index.php\/wp-json\/wp\/v2\/types\/post"}],"author":[{"embeddable":true,"href":"http:\/\/staging.ibermusicas.org\/index.php\/wp-json\/wp\/v2\/users\/1"}],"replies":[{"embeddable":true,"href":"http:\/\/staging.ibermusicas.org\/index.php\/wp-json\/wp\/v2\/comments?post=6479"}],"version-history":[{"count":1,"href":"http:\/\/staging.ibermusicas.org\/index.php\/wp-json\/wp\/v2\/posts\/6479\/revisions"}],"predecessor-version":[{"id":6480,"href":"http:\/\/staging.ibermusicas.org\/index.php\/wp-json\/wp\/v2\/posts\/6479\/revisions\/6480"}],"wp:featuredmedia":[{"embeddable":true,"href":"http:\/\/staging.ibermusicas.org\/index.php\/wp-json\/wp\/v2\/media\/6476"}],"wp:attachment":[{"href":"http:\/\/staging.ibermusicas.org\/index.php\/wp-json\/wp\/v2\/media?parent=6479"}],"wp:term":[{"taxonomy":"category","embeddable":true,"href":"http:\/\/staging.ibermusicas.org\/index.php\/wp-json\/wp\/v2\/categories?post=6479"},{"taxonomy":"post_tag","embeddable":true,"href":"http:\/\/staging.ibermusicas.org\/index.php\/wp-json\/wp\/v2\/tags?post=6479"}],"curies":[{"name":"wp","href":"https:\/\/api.w.org\/{rel}","templated":true}]}}