{"id":6481,"date":"2016-11-15T03:51:44","date_gmt":"2016-11-15T03:51:44","guid":{"rendered":"http:\/\/staging.ibermusicas.org\/?p=6481"},"modified":"2021-05-26T03:55:37","modified_gmt":"2021-05-26T03:55:37","slug":"la-guitarrista-argentina-analia-rego-lleva-al-xii-festival-internacional-guitarras-en-otono-en-puebla-mexico-su-repertorio-de-tango-para-guitarra-solista","status":"publish","type":"post","link":"http:\/\/staging.ibermusicas.org\/index.php\/la-guitarrista-argentina-analia-rego-lleva-al-xii-festival-internacional-guitarras-en-otono-en-puebla-mexico-su-repertorio-de-tango-para-guitarra-solista\/","title":{"rendered":"La guitarrista Argentina ANAL\u00cdA REGO lleva al XII FESTIVAL INTERNACIONAL GUITARRAS EN OTO\u00d1O en Puebla, M\u00e9xico su repertorio de tango para guitarra solista"},"content":{"rendered":"<p>Anal\u00eda Rego es docente y concertista de guitarra. Su impecable t\u00e9cnica y profundidad expresiva le vali\u00f3 ser reconocida entre los m\u00e1s destacados solistas de tango. Due\u00f1a de una personalidad art\u00edstica rom\u00e1ntica y carism\u00e1tica, re\u00fane en su estilo a la escuela cl\u00e1sica con la tradici\u00f3n de la guitarra popular argentina.<\/p>\n","protected":false},"excerpt":{"rendered":"<p>Anal\u00eda Rego es docente y concertista de guitarra. Su impecable t\u00e9cnica y profundidad expresiva le vali\u00f3 ser reconocida entre los m\u00e1s destacados solistas de tango. Due\u00f1a de una personalidad art\u00edstica rom\u00e1ntica y carism\u00e1tica, re\u00fane en su estilo a la escuela cl\u00e1sica con la tradici\u00f3n de la guitarra popular argentina.<\/p>\n","protected":false},"author":1,"featured_media":6482,"comment_status":"closed","ping_status":"closed","sticky":false,"template":"","format":"standard","meta":{"footnotes":""},"categories":[53],"tags":[],"class_list":["post-6481","post","type-post","status-publish","format-standard","has-post-thumbnail","hentry","category-noticias-generales"],"lang":"es","translations":{"es":6481},"pll_sync_post":[],"post_mailing_queue_ids":[],"_links":{"self":[{"href":"http:\/\/staging.ibermusicas.org\/index.php\/wp-json\/wp\/v2\/posts\/6481","targetHints":{"allow":["GET"]}}],"collection":[{"href":"http:\/\/staging.ibermusicas.org\/index.php\/wp-json\/wp\/v2\/posts"}],"about":[{"href":"http:\/\/staging.ibermusicas.org\/index.php\/wp-json\/wp\/v2\/types\/post"}],"author":[{"embeddable":true,"href":"http:\/\/staging.ibermusicas.org\/index.php\/wp-json\/wp\/v2\/users\/1"}],"replies":[{"embeddable":true,"href":"http:\/\/staging.ibermusicas.org\/index.php\/wp-json\/wp\/v2\/comments?post=6481"}],"version-history":[{"count":1,"href":"http:\/\/staging.ibermusicas.org\/index.php\/wp-json\/wp\/v2\/posts\/6481\/revisions"}],"predecessor-version":[{"id":6483,"href":"http:\/\/staging.ibermusicas.org\/index.php\/wp-json\/wp\/v2\/posts\/6481\/revisions\/6483"}],"wp:featuredmedia":[{"embeddable":true,"href":"http:\/\/staging.ibermusicas.org\/index.php\/wp-json\/wp\/v2\/media\/6482"}],"wp:attachment":[{"href":"http:\/\/staging.ibermusicas.org\/index.php\/wp-json\/wp\/v2\/media?parent=6481"}],"wp:term":[{"taxonomy":"category","embeddable":true,"href":"http:\/\/staging.ibermusicas.org\/index.php\/wp-json\/wp\/v2\/categories?post=6481"},{"taxonomy":"post_tag","embeddable":true,"href":"http:\/\/staging.ibermusicas.org\/index.php\/wp-json\/wp\/v2\/tags?post=6481"}],"curies":[{"name":"wp","href":"https:\/\/api.w.org\/{rel}","templated":true}]}}