{"id":6484,"date":"2016-09-26T03:55:42","date_gmt":"2016-09-26T03:55:42","guid":{"rendered":"http:\/\/staging.ibermusicas.org\/?p=6484"},"modified":"2021-05-26T04:01:31","modified_gmt":"2021-05-26T04:01:31","slug":"la-compositora-carole-chargueron-viaja-desde-mexico-a-chile-para-iniciar-su-residencia-artistica-en-acusmalab","status":"publish","type":"post","link":"http:\/\/staging.ibermusicas.org\/index.php\/la-compositora-carole-chargueron-viaja-desde-mexico-a-chile-para-iniciar-su-residencia-artistica-en-acusmalab\/","title":{"rendered":"La compositora CAROLE CHARGUERON viaja desde M\u00e9xico a Chile para iniciar su residencia art\u00edstica en ACUSMALAB"},"content":{"rendered":"<p>En los meses de octubre y noviembre Carole Chargueron estar\u00e1 en Chile para realizar su residencia compositiva. <\/p>\n","protected":false},"excerpt":{"rendered":"<p>En los meses de octubre y noviembre Carole Chargueron estar\u00e1 en Chile para realizar su residencia compositiva.<\/p>\n","protected":false},"author":1,"featured_media":6485,"comment_status":"closed","ping_status":"closed","sticky":false,"template":"","format":"standard","meta":{"footnotes":""},"categories":[53],"tags":[],"class_list":["post-6484","post","type-post","status-publish","format-standard","has-post-thumbnail","hentry","category-noticias-generales"],"lang":"es","translations":{"es":6484},"pll_sync_post":[],"post_mailing_queue_ids":[],"_links":{"self":[{"href":"http:\/\/staging.ibermusicas.org\/index.php\/wp-json\/wp\/v2\/posts\/6484","targetHints":{"allow":["GET"]}}],"collection":[{"href":"http:\/\/staging.ibermusicas.org\/index.php\/wp-json\/wp\/v2\/posts"}],"about":[{"href":"http:\/\/staging.ibermusicas.org\/index.php\/wp-json\/wp\/v2\/types\/post"}],"author":[{"embeddable":true,"href":"http:\/\/staging.ibermusicas.org\/index.php\/wp-json\/wp\/v2\/users\/1"}],"replies":[{"embeddable":true,"href":"http:\/\/staging.ibermusicas.org\/index.php\/wp-json\/wp\/v2\/comments?post=6484"}],"version-history":[{"count":1,"href":"http:\/\/staging.ibermusicas.org\/index.php\/wp-json\/wp\/v2\/posts\/6484\/revisions"}],"predecessor-version":[{"id":6486,"href":"http:\/\/staging.ibermusicas.org\/index.php\/wp-json\/wp\/v2\/posts\/6484\/revisions\/6486"}],"wp:featuredmedia":[{"embeddable":true,"href":"http:\/\/staging.ibermusicas.org\/index.php\/wp-json\/wp\/v2\/media\/6485"}],"wp:attachment":[{"href":"http:\/\/staging.ibermusicas.org\/index.php\/wp-json\/wp\/v2\/media?parent=6484"}],"wp:term":[{"taxonomy":"category","embeddable":true,"href":"http:\/\/staging.ibermusicas.org\/index.php\/wp-json\/wp\/v2\/categories?post=6484"},{"taxonomy":"post_tag","embeddable":true,"href":"http:\/\/staging.ibermusicas.org\/index.php\/wp-json\/wp\/v2\/tags?post=6484"}],"curies":[{"name":"wp","href":"https:\/\/api.w.org\/{rel}","templated":true}]}}