{"id":6490,"date":"2016-10-15T04:12:43","date_gmt":"2016-10-15T04:12:43","guid":{"rendered":"http:\/\/staging.ibermusicas.org\/?p=6490"},"modified":"2021-05-26T04:19:25","modified_gmt":"2021-05-26T04:19:25","slug":"sonosfera-la-agrupacion-folclorica-mexicana-dedicada-a-la-fusion-y-la-experimentacion-se-presentara-en-el-festival-sonamos-latinoamerica-de-argentina","status":"publish","type":"post","link":"http:\/\/staging.ibermusicas.org\/index.php\/sonosfera-la-agrupacion-folclorica-mexicana-dedicada-a-la-fusion-y-la-experimentacion-se-presentara-en-el-festival-sonamos-latinoamerica-de-argentina\/","title":{"rendered":"SON\u00d3SFERA, la agrupaci\u00f3n folcl\u00f3rica mexicana dedicada a la fusi\u00f3n y la experimentaci\u00f3n se presentar\u00e1 en el FESTIVAL SONAMOS LATINOAM\u00c9RICA de Argentina"},"content":{"rendered":"<p>SON\u00d3SFERA es una agrupaci\u00f3n musical de fusi\u00f3n y experimentaci\u00f3n sonora que combina g\u00e9neros de diversas partes del mundo con armon\u00edas y arreglos contempor\u00e1neos, reinterpretando la tradici\u00f3n en nuestro presente. <\/p>\n","protected":false},"excerpt":{"rendered":"<p>SON\u00d3SFERA es una agrupaci\u00f3n musical de fusi\u00f3n y experimentaci\u00f3n sonora que combina g\u00e9neros de diversas partes del mundo con armon\u00edas y arreglos contempor\u00e1neos, reinterpretando la tradici\u00f3n en nuestro presente.<\/p>\n","protected":false},"author":1,"featured_media":6491,"comment_status":"closed","ping_status":"closed","sticky":false,"template":"","format":"standard","meta":{"footnotes":""},"categories":[53],"tags":[],"class_list":["post-6490","post","type-post","status-publish","format-standard","has-post-thumbnail","hentry","category-noticias-generales"],"lang":"es","translations":{"es":6490},"pll_sync_post":[],"post_mailing_queue_ids":[],"_links":{"self":[{"href":"http:\/\/staging.ibermusicas.org\/index.php\/wp-json\/wp\/v2\/posts\/6490","targetHints":{"allow":["GET"]}}],"collection":[{"href":"http:\/\/staging.ibermusicas.org\/index.php\/wp-json\/wp\/v2\/posts"}],"about":[{"href":"http:\/\/staging.ibermusicas.org\/index.php\/wp-json\/wp\/v2\/types\/post"}],"author":[{"embeddable":true,"href":"http:\/\/staging.ibermusicas.org\/index.php\/wp-json\/wp\/v2\/users\/1"}],"replies":[{"embeddable":true,"href":"http:\/\/staging.ibermusicas.org\/index.php\/wp-json\/wp\/v2\/comments?post=6490"}],"version-history":[{"count":1,"href":"http:\/\/staging.ibermusicas.org\/index.php\/wp-json\/wp\/v2\/posts\/6490\/revisions"}],"predecessor-version":[{"id":6492,"href":"http:\/\/staging.ibermusicas.org\/index.php\/wp-json\/wp\/v2\/posts\/6490\/revisions\/6492"}],"wp:featuredmedia":[{"embeddable":true,"href":"http:\/\/staging.ibermusicas.org\/index.php\/wp-json\/wp\/v2\/media\/6491"}],"wp:attachment":[{"href":"http:\/\/staging.ibermusicas.org\/index.php\/wp-json\/wp\/v2\/media?parent=6490"}],"wp:term":[{"taxonomy":"category","embeddable":true,"href":"http:\/\/staging.ibermusicas.org\/index.php\/wp-json\/wp\/v2\/categories?post=6490"},{"taxonomy":"post_tag","embeddable":true,"href":"http:\/\/staging.ibermusicas.org\/index.php\/wp-json\/wp\/v2\/tags?post=6490"}],"curies":[{"name":"wp","href":"https:\/\/api.w.org\/{rel}","templated":true}]}}