{"id":6493,"date":"2016-07-26T04:19:54","date_gmt":"2016-07-26T04:19:54","guid":{"rendered":"http:\/\/staging.ibermusicas.org\/?p=6493"},"modified":"2021-05-26T04:27:54","modified_gmt":"2021-05-26T04:27:54","slug":"llega-a-la-argentina-el-gran-tom-ze-un-artista-fundamental-de-la-historia-musical-de-brasil","status":"publish","type":"post","link":"http:\/\/staging.ibermusicas.org\/index.php\/llega-a-la-argentina-el-gran-tom-ze-un-artista-fundamental-de-la-historia-musical-de-brasil\/","title":{"rendered":"Llega a la Argentina el gran TOM Z\u00c9. Un artista fundamental de la historia musical de Brasil"},"content":{"rendered":"<p>A punto de cumplir 80 a\u00f1os y tras casi diez sin presentarse en la ciudad de Buenos Aires a la que \u00e9l mismo define como una \u201ctierra de sentimientos intensos\u201d, llega Tom Z\u00e9, un hombre en constante erupci\u00f3n. <\/p>\n","protected":false},"excerpt":{"rendered":"<p>A punto de cumplir 80 a\u00f1os y tras casi diez sin presentarse en la ciudad de Buenos Aires a la que \u00e9l mismo define como una \u201ctierra de sentimientos intensos\u201d, llega Tom Z\u00e9, un hombre en constante erupci\u00f3n.<\/p>\n","protected":false},"author":1,"featured_media":6494,"comment_status":"closed","ping_status":"closed","sticky":false,"template":"","format":"standard","meta":{"footnotes":""},"categories":[53],"tags":[],"class_list":["post-6493","post","type-post","status-publish","format-standard","has-post-thumbnail","hentry","category-noticias-generales"],"lang":"es","translations":{"es":6493},"pll_sync_post":[],"post_mailing_queue_ids":[],"_links":{"self":[{"href":"http:\/\/staging.ibermusicas.org\/index.php\/wp-json\/wp\/v2\/posts\/6493","targetHints":{"allow":["GET"]}}],"collection":[{"href":"http:\/\/staging.ibermusicas.org\/index.php\/wp-json\/wp\/v2\/posts"}],"about":[{"href":"http:\/\/staging.ibermusicas.org\/index.php\/wp-json\/wp\/v2\/types\/post"}],"author":[{"embeddable":true,"href":"http:\/\/staging.ibermusicas.org\/index.php\/wp-json\/wp\/v2\/users\/1"}],"replies":[{"embeddable":true,"href":"http:\/\/staging.ibermusicas.org\/index.php\/wp-json\/wp\/v2\/comments?post=6493"}],"version-history":[{"count":1,"href":"http:\/\/staging.ibermusicas.org\/index.php\/wp-json\/wp\/v2\/posts\/6493\/revisions"}],"predecessor-version":[{"id":6495,"href":"http:\/\/staging.ibermusicas.org\/index.php\/wp-json\/wp\/v2\/posts\/6493\/revisions\/6495"}],"wp:featuredmedia":[{"embeddable":true,"href":"http:\/\/staging.ibermusicas.org\/index.php\/wp-json\/wp\/v2\/media\/6494"}],"wp:attachment":[{"href":"http:\/\/staging.ibermusicas.org\/index.php\/wp-json\/wp\/v2\/media?parent=6493"}],"wp:term":[{"taxonomy":"category","embeddable":true,"href":"http:\/\/staging.ibermusicas.org\/index.php\/wp-json\/wp\/v2\/categories?post=6493"},{"taxonomy":"post_tag","embeddable":true,"href":"http:\/\/staging.ibermusicas.org\/index.php\/wp-json\/wp\/v2\/tags?post=6493"}],"curies":[{"name":"wp","href":"https:\/\/api.w.org\/{rel}","templated":true}]}}