{"id":6499,"date":"2016-10-30T04:34:34","date_gmt":"2016-10-30T04:34:34","guid":{"rendered":"http:\/\/staging.ibermusicas.org\/?p=6499"},"modified":"2021-05-26T04:43:31","modified_gmt":"2021-05-26T04:43:31","slug":"monica-navarro-y-cuatro-pesos-de-propina-son-los-musicos-que-integran-la-delegacion-uruguaya-al-micsur-en-bogota-colombia","status":"publish","type":"post","link":"http:\/\/staging.ibermusicas.org\/index.php\/monica-navarro-y-cuatro-pesos-de-propina-son-los-musicos-que-integran-la-delegacion-uruguaya-al-micsur-en-bogota-colombia\/","title":{"rendered":"M\u00d3NICA NAVARRO y CUATRO PESOS DE PROPINA son los m\u00fasicos que integran la delegaci\u00f3n uruguaya al MICSUR en Bogot\u00e1, Colombia"},"content":{"rendered":"<p>M\u00d3NICA NAVARRO comenz\u00f3 su carrera en Argentina en el a\u00f1o 1984 con el grupo musical Las Voces del Amanecer, con el que obtuvo el premio \u201cGrupo revelaci\u00f3n\u201d, en el festival \u201cMerlo Capital del Folklore\u201d. <\/p>\n","protected":false},"excerpt":{"rendered":"<p>M\u00d3NICA NAVARRO comenz\u00f3 su carrera en Argentina en el a\u00f1o 1984 con el grupo musical Las Voces del Amanecer, con el que obtuvo el premio \u201cGrupo revelaci\u00f3n\u201d, en el festival \u201cMerlo Capital del Folklore\u201d.<\/p>\n","protected":false},"author":1,"featured_media":6500,"comment_status":"closed","ping_status":"closed","sticky":false,"template":"","format":"standard","meta":{"footnotes":""},"categories":[53],"tags":[],"class_list":["post-6499","post","type-post","status-publish","format-standard","has-post-thumbnail","hentry","category-noticias-generales"],"lang":"es","translations":{"es":6499},"pll_sync_post":[],"post_mailing_queue_ids":[],"_links":{"self":[{"href":"http:\/\/staging.ibermusicas.org\/index.php\/wp-json\/wp\/v2\/posts\/6499","targetHints":{"allow":["GET"]}}],"collection":[{"href":"http:\/\/staging.ibermusicas.org\/index.php\/wp-json\/wp\/v2\/posts"}],"about":[{"href":"http:\/\/staging.ibermusicas.org\/index.php\/wp-json\/wp\/v2\/types\/post"}],"author":[{"embeddable":true,"href":"http:\/\/staging.ibermusicas.org\/index.php\/wp-json\/wp\/v2\/users\/1"}],"replies":[{"embeddable":true,"href":"http:\/\/staging.ibermusicas.org\/index.php\/wp-json\/wp\/v2\/comments?post=6499"}],"version-history":[{"count":1,"href":"http:\/\/staging.ibermusicas.org\/index.php\/wp-json\/wp\/v2\/posts\/6499\/revisions"}],"predecessor-version":[{"id":6501,"href":"http:\/\/staging.ibermusicas.org\/index.php\/wp-json\/wp\/v2\/posts\/6499\/revisions\/6501"}],"wp:featuredmedia":[{"embeddable":true,"href":"http:\/\/staging.ibermusicas.org\/index.php\/wp-json\/wp\/v2\/media\/6500"}],"wp:attachment":[{"href":"http:\/\/staging.ibermusicas.org\/index.php\/wp-json\/wp\/v2\/media?parent=6499"}],"wp:term":[{"taxonomy":"category","embeddable":true,"href":"http:\/\/staging.ibermusicas.org\/index.php\/wp-json\/wp\/v2\/categories?post=6499"},{"taxonomy":"post_tag","embeddable":true,"href":"http:\/\/staging.ibermusicas.org\/index.php\/wp-json\/wp\/v2\/tags?post=6499"}],"curies":[{"name":"wp","href":"https:\/\/api.w.org\/{rel}","templated":true}]}}