{"id":6502,"date":"2016-11-26T04:43:59","date_gmt":"2016-11-26T04:43:59","guid":{"rendered":"http:\/\/staging.ibermusicas.org\/?p=6502"},"modified":"2021-05-26T04:50:45","modified_gmt":"2021-05-26T04:50:45","slug":"sixto-corbalan-y-pedro-martinez-trio-y-bohemia-urbana-son-los-musicos-que-integran-la-delegacion-paraguaya-al-micsur-en-bogota-colombia","status":"publish","type":"post","link":"http:\/\/staging.ibermusicas.org\/index.php\/sixto-corbalan-y-pedro-martinez-trio-y-bohemia-urbana-son-los-musicos-que-integran-la-delegacion-paraguaya-al-micsur-en-bogota-colombia\/","title":{"rendered":"SIXTO CORBAL\u00c1N Y PEDRO MART\u00cdNEZ TR\u00cdO y BOHEMIA URBANA son los m\u00fasicos que integran la delegaci\u00f3n paraguaya al MICSUR en Bogot\u00e1, Colombia"},"content":{"rendered":"<p>La delegaci\u00f3n paraguaya al MICSUR en Bogot\u00e1, Colombia, estar\u00e1 integrada por SIXTO CORBAL\u00c1N Y PEDRO MART\u00cdNEZ TR\u00cdO. <\/p>\n","protected":false},"excerpt":{"rendered":"<p>La delegaci\u00f3n paraguaya al MICSUR en Bogot\u00e1, Colombia, estar\u00e1 integrada por SIXTO CORBAL\u00c1N Y PEDRO MART\u00cdNEZ TR\u00cdO.<\/p>\n","protected":false},"author":1,"featured_media":6503,"comment_status":"closed","ping_status":"closed","sticky":false,"template":"","format":"standard","meta":{"footnotes":""},"categories":[53],"tags":[],"class_list":["post-6502","post","type-post","status-publish","format-standard","has-post-thumbnail","hentry","category-noticias-generales"],"lang":"es","translations":{"es":6502},"pll_sync_post":[],"post_mailing_queue_ids":[],"_links":{"self":[{"href":"http:\/\/staging.ibermusicas.org\/index.php\/wp-json\/wp\/v2\/posts\/6502","targetHints":{"allow":["GET"]}}],"collection":[{"href":"http:\/\/staging.ibermusicas.org\/index.php\/wp-json\/wp\/v2\/posts"}],"about":[{"href":"http:\/\/staging.ibermusicas.org\/index.php\/wp-json\/wp\/v2\/types\/post"}],"author":[{"embeddable":true,"href":"http:\/\/staging.ibermusicas.org\/index.php\/wp-json\/wp\/v2\/users\/1"}],"replies":[{"embeddable":true,"href":"http:\/\/staging.ibermusicas.org\/index.php\/wp-json\/wp\/v2\/comments?post=6502"}],"version-history":[{"count":1,"href":"http:\/\/staging.ibermusicas.org\/index.php\/wp-json\/wp\/v2\/posts\/6502\/revisions"}],"predecessor-version":[{"id":6504,"href":"http:\/\/staging.ibermusicas.org\/index.php\/wp-json\/wp\/v2\/posts\/6502\/revisions\/6504"}],"wp:featuredmedia":[{"embeddable":true,"href":"http:\/\/staging.ibermusicas.org\/index.php\/wp-json\/wp\/v2\/media\/6503"}],"wp:attachment":[{"href":"http:\/\/staging.ibermusicas.org\/index.php\/wp-json\/wp\/v2\/media?parent=6502"}],"wp:term":[{"taxonomy":"category","embeddable":true,"href":"http:\/\/staging.ibermusicas.org\/index.php\/wp-json\/wp\/v2\/categories?post=6502"},{"taxonomy":"post_tag","embeddable":true,"href":"http:\/\/staging.ibermusicas.org\/index.php\/wp-json\/wp\/v2\/tags?post=6502"}],"curies":[{"name":"wp","href":"https:\/\/api.w.org\/{rel}","templated":true}]}}