{"id":6505,"date":"2016-09-10T04:51:56","date_gmt":"2016-09-10T04:51:56","guid":{"rendered":"http:\/\/staging.ibermusicas.org\/?p=6505"},"modified":"2021-05-26T04:56:41","modified_gmt":"2021-05-26T04:56:41","slug":"la-cantante-y-compositora-uruguaya-debora-herdt-viaja-a-la-argentina-para-presentarse-en-el-festival-jujuy-cortos","status":"publish","type":"post","link":"http:\/\/staging.ibermusicas.org\/index.php\/la-cantante-y-compositora-uruguaya-debora-herdt-viaja-a-la-argentina-para-presentarse-en-el-festival-jujuy-cortos\/","title":{"rendered":"La cantante y compositora uruguaya D\u00c9BORA HERDT viaja a la Argentina para presentarse en el FESTIVAL JUJUY CORTOS"},"content":{"rendered":"<p>D\u00e9bora Herdt es una compositora y cantante uruguaya nacida y residente en Maldonado. Fusiona en su m\u00fasica ritmos diferentes como el rock, el funk, el candombe, la murga y el tango.<\/p>\n","protected":false},"excerpt":{"rendered":"<p>D\u00e9bora Herdt es una compositora y cantante uruguaya nacida y residente en Maldonado. Fusiona en su m\u00fasica ritmos diferentes como el rock, el funk, el candombe, la murga y el tango.<\/p>\n","protected":false},"author":1,"featured_media":6506,"comment_status":"closed","ping_status":"closed","sticky":false,"template":"","format":"standard","meta":{"footnotes":""},"categories":[53],"tags":[],"class_list":["post-6505","post","type-post","status-publish","format-standard","has-post-thumbnail","hentry","category-noticias-generales"],"lang":"es","translations":{"es":6505},"pll_sync_post":[],"post_mailing_queue_ids":[],"_links":{"self":[{"href":"http:\/\/staging.ibermusicas.org\/index.php\/wp-json\/wp\/v2\/posts\/6505","targetHints":{"allow":["GET"]}}],"collection":[{"href":"http:\/\/staging.ibermusicas.org\/index.php\/wp-json\/wp\/v2\/posts"}],"about":[{"href":"http:\/\/staging.ibermusicas.org\/index.php\/wp-json\/wp\/v2\/types\/post"}],"author":[{"embeddable":true,"href":"http:\/\/staging.ibermusicas.org\/index.php\/wp-json\/wp\/v2\/users\/1"}],"replies":[{"embeddable":true,"href":"http:\/\/staging.ibermusicas.org\/index.php\/wp-json\/wp\/v2\/comments?post=6505"}],"version-history":[{"count":1,"href":"http:\/\/staging.ibermusicas.org\/index.php\/wp-json\/wp\/v2\/posts\/6505\/revisions"}],"predecessor-version":[{"id":6507,"href":"http:\/\/staging.ibermusicas.org\/index.php\/wp-json\/wp\/v2\/posts\/6505\/revisions\/6507"}],"wp:featuredmedia":[{"embeddable":true,"href":"http:\/\/staging.ibermusicas.org\/index.php\/wp-json\/wp\/v2\/media\/6506"}],"wp:attachment":[{"href":"http:\/\/staging.ibermusicas.org\/index.php\/wp-json\/wp\/v2\/media?parent=6505"}],"wp:term":[{"taxonomy":"category","embeddable":true,"href":"http:\/\/staging.ibermusicas.org\/index.php\/wp-json\/wp\/v2\/categories?post=6505"},{"taxonomy":"post_tag","embeddable":true,"href":"http:\/\/staging.ibermusicas.org\/index.php\/wp-json\/wp\/v2\/tags?post=6505"}],"curies":[{"name":"wp","href":"https:\/\/api.w.org\/{rel}","templated":true}]}}