{"id":6508,"date":"2016-10-12T04:57:06","date_gmt":"2016-10-12T04:57:06","guid":{"rendered":"http:\/\/staging.ibermusicas.org\/?p=6508"},"modified":"2021-05-26T05:01:16","modified_gmt":"2021-05-26T05:01:16","slug":"la-maldita-costumbre-la-banda-peruana-de-latin-ska-sera-parte-de-la-programacion-del-festival-internacional-vive-alterno-cervantino-en-guanajuato-mexico","status":"publish","type":"post","link":"http:\/\/staging.ibermusicas.org\/index.php\/la-maldita-costumbre-la-banda-peruana-de-latin-ska-sera-parte-de-la-programacion-del-festival-internacional-vive-alterno-cervantino-en-guanajuato-mexico\/","title":{"rendered":"La MALDITA COSTUMBRE, la banda peruana de Latin Ska ser\u00e1 parte de la programaci\u00f3n del FESTIVAL INTERNACIONAL VIVE ALTERNO CERVANTINO en Guanajuato, M\u00e9xico"},"content":{"rendered":"<p>La Maldita Costumbre, con una identidad, originada en el di\u00e1logo entre el ska two tone con fusi\u00f3n latina originado en Argentina es una de las bandas m\u00e1s activas de su propio g\u00e9nero.<\/p>\n","protected":false},"excerpt":{"rendered":"<p>La Maldita Costumbre, con una identidad, originada en el di\u00e1logo entre el ska two tone con fusi\u00f3n latina originado en Argentina es una de las bandas m\u00e1s activas de su propio g\u00e9nero.<\/p>\n","protected":false},"author":1,"featured_media":6509,"comment_status":"closed","ping_status":"closed","sticky":false,"template":"","format":"standard","meta":{"footnotes":""},"categories":[53],"tags":[],"class_list":["post-6508","post","type-post","status-publish","format-standard","has-post-thumbnail","hentry","category-noticias-generales"],"lang":"es","translations":{"es":6508},"pll_sync_post":[],"post_mailing_queue_ids":[],"_links":{"self":[{"href":"http:\/\/staging.ibermusicas.org\/index.php\/wp-json\/wp\/v2\/posts\/6508","targetHints":{"allow":["GET"]}}],"collection":[{"href":"http:\/\/staging.ibermusicas.org\/index.php\/wp-json\/wp\/v2\/posts"}],"about":[{"href":"http:\/\/staging.ibermusicas.org\/index.php\/wp-json\/wp\/v2\/types\/post"}],"author":[{"embeddable":true,"href":"http:\/\/staging.ibermusicas.org\/index.php\/wp-json\/wp\/v2\/users\/1"}],"replies":[{"embeddable":true,"href":"http:\/\/staging.ibermusicas.org\/index.php\/wp-json\/wp\/v2\/comments?post=6508"}],"version-history":[{"count":1,"href":"http:\/\/staging.ibermusicas.org\/index.php\/wp-json\/wp\/v2\/posts\/6508\/revisions"}],"predecessor-version":[{"id":6510,"href":"http:\/\/staging.ibermusicas.org\/index.php\/wp-json\/wp\/v2\/posts\/6508\/revisions\/6510"}],"wp:featuredmedia":[{"embeddable":true,"href":"http:\/\/staging.ibermusicas.org\/index.php\/wp-json\/wp\/v2\/media\/6509"}],"wp:attachment":[{"href":"http:\/\/staging.ibermusicas.org\/index.php\/wp-json\/wp\/v2\/media?parent=6508"}],"wp:term":[{"taxonomy":"category","embeddable":true,"href":"http:\/\/staging.ibermusicas.org\/index.php\/wp-json\/wp\/v2\/categories?post=6508"},{"taxonomy":"post_tag","embeddable":true,"href":"http:\/\/staging.ibermusicas.org\/index.php\/wp-json\/wp\/v2\/tags?post=6508"}],"curies":[{"name":"wp","href":"https:\/\/api.w.org\/{rel}","templated":true}]}}