{"id":6511,"date":"2016-10-01T05:02:41","date_gmt":"2016-10-01T05:02:41","guid":{"rendered":"http:\/\/staging.ibermusicas.org\/?p=6511"},"modified":"2021-05-26T05:11:27","modified_gmt":"2021-05-26T05:11:27","slug":"telar-de-chile-inicia-la-tercera-etapa-de-sus-residencias-creativas-con-la-presencia-del-multiguitarrista-y-compositor-quique-sinesi","status":"publish","type":"post","link":"http:\/\/staging.ibermusicas.org\/index.php\/telar-de-chile-inicia-la-tercera-etapa-de-sus-residencias-creativas-con-la-presencia-del-multiguitarrista-y-compositor-quique-sinesi\/","title":{"rendered":"TELAR de Chile, inicia la tercera etapa de sus Residencias Creativas con la presencia del multiguitarrista y compositor Quique Sinesi"},"content":{"rendered":"<p>Luego de la visita del guitarrista Juan Fal\u00fa en junio y del compositor y pianista Diego Schissi en agosto, TELAR 2016 se prepara para la tercera y \u00faltima Residencia Creativa del a\u00f1o, junto al destacado multiguitarrista Quique Sinesi, quien visitar\u00e1 Chile del 3 al 9 de octubre para interactuar con destacados int\u00e9rpretes chilenos, entre ellos, los integrantes del Ensamble TELAR.<\/p>\n","protected":false},"excerpt":{"rendered":"<p>Luego de la visita del guitarrista Juan Fal\u00fa en junio y del compositor y pianista Diego Schissi en agosto, TELAR 2016 se prepara para la tercera y \u00faltima Residencia Creativa del a\u00f1o, junto al destacado multiguitarrista Quique Sinesi, quien visitar\u00e1 Chile del 3 al 9 de octubre para interactuar con destacados int\u00e9rpretes chilenos, entre ellos, [&hellip;]<\/p>\n","protected":false},"author":1,"featured_media":6512,"comment_status":"closed","ping_status":"closed","sticky":false,"template":"","format":"standard","meta":{"footnotes":""},"categories":[53],"tags":[],"class_list":["post-6511","post","type-post","status-publish","format-standard","has-post-thumbnail","hentry","category-noticias-generales"],"lang":"es","translations":{"es":6511},"pll_sync_post":[],"post_mailing_queue_ids":[],"_links":{"self":[{"href":"http:\/\/staging.ibermusicas.org\/index.php\/wp-json\/wp\/v2\/posts\/6511","targetHints":{"allow":["GET"]}}],"collection":[{"href":"http:\/\/staging.ibermusicas.org\/index.php\/wp-json\/wp\/v2\/posts"}],"about":[{"href":"http:\/\/staging.ibermusicas.org\/index.php\/wp-json\/wp\/v2\/types\/post"}],"author":[{"embeddable":true,"href":"http:\/\/staging.ibermusicas.org\/index.php\/wp-json\/wp\/v2\/users\/1"}],"replies":[{"embeddable":true,"href":"http:\/\/staging.ibermusicas.org\/index.php\/wp-json\/wp\/v2\/comments?post=6511"}],"version-history":[{"count":1,"href":"http:\/\/staging.ibermusicas.org\/index.php\/wp-json\/wp\/v2\/posts\/6511\/revisions"}],"predecessor-version":[{"id":6513,"href":"http:\/\/staging.ibermusicas.org\/index.php\/wp-json\/wp\/v2\/posts\/6511\/revisions\/6513"}],"wp:featuredmedia":[{"embeddable":true,"href":"http:\/\/staging.ibermusicas.org\/index.php\/wp-json\/wp\/v2\/media\/6512"}],"wp:attachment":[{"href":"http:\/\/staging.ibermusicas.org\/index.php\/wp-json\/wp\/v2\/media?parent=6511"}],"wp:term":[{"taxonomy":"category","embeddable":true,"href":"http:\/\/staging.ibermusicas.org\/index.php\/wp-json\/wp\/v2\/categories?post=6511"},{"taxonomy":"post_tag","embeddable":true,"href":"http:\/\/staging.ibermusicas.org\/index.php\/wp-json\/wp\/v2\/tags?post=6511"}],"curies":[{"name":"wp","href":"https:\/\/api.w.org\/{rel}","templated":true}]}}