{"id":6514,"date":"2016-11-26T05:12:16","date_gmt":"2016-11-26T05:12:16","guid":{"rendered":"http:\/\/staging.ibermusicas.org\/?p=6514"},"modified":"2021-05-26T05:16:21","modified_gmt":"2021-05-26T05:16:21","slug":"el-ensamble-galante-de-mexico-viaja-a-costa-rica-para-ser-parte-de-la-programacion-del-vii-festival-intenacional-de-musica-antigua","status":"publish","type":"post","link":"http:\/\/staging.ibermusicas.org\/index.php\/el-ensamble-galante-de-mexico-viaja-a-costa-rica-para-ser-parte-de-la-programacion-del-vii-festival-intenacional-de-musica-antigua\/","title":{"rendered":"El ENSAMBLE GALANTE de M\u00e9xico viaja a Costa Rica para ser parte de la programaci\u00f3n del VII FESTIVAL INTENACIONAL DE M\u00daSICA ANTIGUA"},"content":{"rendered":"<p>El Ensamble Galante tiene como finalidad difundir la m\u00fasica barroca, interpretada con instrumentos y costumbres de la \u00e9poca. <\/p>\n","protected":false},"excerpt":{"rendered":"<p>El Ensamble Galante tiene como finalidad difundir la m\u00fasica barroca, interpretada con instrumentos y costumbres de la \u00e9poca.<\/p>\n","protected":false},"author":1,"featured_media":6515,"comment_status":"closed","ping_status":"closed","sticky":false,"template":"","format":"standard","meta":{"footnotes":""},"categories":[53],"tags":[],"class_list":["post-6514","post","type-post","status-publish","format-standard","has-post-thumbnail","hentry","category-noticias-generales"],"lang":"es","translations":{"es":6514},"pll_sync_post":[],"post_mailing_queue_ids":[],"_links":{"self":[{"href":"http:\/\/staging.ibermusicas.org\/index.php\/wp-json\/wp\/v2\/posts\/6514","targetHints":{"allow":["GET"]}}],"collection":[{"href":"http:\/\/staging.ibermusicas.org\/index.php\/wp-json\/wp\/v2\/posts"}],"about":[{"href":"http:\/\/staging.ibermusicas.org\/index.php\/wp-json\/wp\/v2\/types\/post"}],"author":[{"embeddable":true,"href":"http:\/\/staging.ibermusicas.org\/index.php\/wp-json\/wp\/v2\/users\/1"}],"replies":[{"embeddable":true,"href":"http:\/\/staging.ibermusicas.org\/index.php\/wp-json\/wp\/v2\/comments?post=6514"}],"version-history":[{"count":1,"href":"http:\/\/staging.ibermusicas.org\/index.php\/wp-json\/wp\/v2\/posts\/6514\/revisions"}],"predecessor-version":[{"id":6516,"href":"http:\/\/staging.ibermusicas.org\/index.php\/wp-json\/wp\/v2\/posts\/6514\/revisions\/6516"}],"wp:featuredmedia":[{"embeddable":true,"href":"http:\/\/staging.ibermusicas.org\/index.php\/wp-json\/wp\/v2\/media\/6515"}],"wp:attachment":[{"href":"http:\/\/staging.ibermusicas.org\/index.php\/wp-json\/wp\/v2\/media?parent=6514"}],"wp:term":[{"taxonomy":"category","embeddable":true,"href":"http:\/\/staging.ibermusicas.org\/index.php\/wp-json\/wp\/v2\/categories?post=6514"},{"taxonomy":"post_tag","embeddable":true,"href":"http:\/\/staging.ibermusicas.org\/index.php\/wp-json\/wp\/v2\/tags?post=6514"}],"curies":[{"name":"wp","href":"https:\/\/api.w.org\/{rel}","templated":true}]}}