{"id":6523,"date":"2016-11-17T05:23:25","date_gmt":"2016-11-17T05:23:25","guid":{"rendered":"http:\/\/staging.ibermusicas.org\/?p=6523"},"modified":"2021-05-26T05:26:16","modified_gmt":"2021-05-26T05:26:16","slug":"las-guitarras-del-cuarteto-orishas-viajan-desde-mexico-a-costa-rica-al-viii-encuentro-de-guitarras-de-cartago","status":"publish","type":"post","link":"http:\/\/staging.ibermusicas.org\/index.php\/las-guitarras-del-cuarteto-orishas-viajan-desde-mexico-a-costa-rica-al-viii-encuentro-de-guitarras-de-cartago\/","title":{"rendered":"Las guitarras del CUARTETO ORISHAS viajan desde M\u00e9xico a Costa Rica al VIII ENCUENTRO DE GUITARRAS DE CARTAGO"},"content":{"rendered":"<p>Conformado en el a\u00f1o 2007 en la Ciudad de M\u00e9xico, fueron los primeros mexicanos en obtener el Premio de M\u00fasica de C\u00e1mara Manuel M. Ponce. <\/p>\n","protected":false},"excerpt":{"rendered":"<p>Conformado en el a\u00f1o 2007 en la Ciudad de M\u00e9xico, fueron los primeros mexicanos en obtener el Premio de M\u00fasica de C\u00e1mara Manuel M. Ponce.<\/p>\n","protected":false},"author":1,"featured_media":6524,"comment_status":"closed","ping_status":"closed","sticky":false,"template":"","format":"standard","meta":{"footnotes":""},"categories":[53],"tags":[],"class_list":["post-6523","post","type-post","status-publish","format-standard","has-post-thumbnail","hentry","category-noticias-generales"],"lang":"es","translations":{"es":6523},"pll_sync_post":[],"post_mailing_queue_ids":[],"_links":{"self":[{"href":"http:\/\/staging.ibermusicas.org\/index.php\/wp-json\/wp\/v2\/posts\/6523","targetHints":{"allow":["GET"]}}],"collection":[{"href":"http:\/\/staging.ibermusicas.org\/index.php\/wp-json\/wp\/v2\/posts"}],"about":[{"href":"http:\/\/staging.ibermusicas.org\/index.php\/wp-json\/wp\/v2\/types\/post"}],"author":[{"embeddable":true,"href":"http:\/\/staging.ibermusicas.org\/index.php\/wp-json\/wp\/v2\/users\/1"}],"replies":[{"embeddable":true,"href":"http:\/\/staging.ibermusicas.org\/index.php\/wp-json\/wp\/v2\/comments?post=6523"}],"version-history":[{"count":1,"href":"http:\/\/staging.ibermusicas.org\/index.php\/wp-json\/wp\/v2\/posts\/6523\/revisions"}],"predecessor-version":[{"id":6525,"href":"http:\/\/staging.ibermusicas.org\/index.php\/wp-json\/wp\/v2\/posts\/6523\/revisions\/6525"}],"wp:featuredmedia":[{"embeddable":true,"href":"http:\/\/staging.ibermusicas.org\/index.php\/wp-json\/wp\/v2\/media\/6524"}],"wp:attachment":[{"href":"http:\/\/staging.ibermusicas.org\/index.php\/wp-json\/wp\/v2\/media?parent=6523"}],"wp:term":[{"taxonomy":"category","embeddable":true,"href":"http:\/\/staging.ibermusicas.org\/index.php\/wp-json\/wp\/v2\/categories?post=6523"},{"taxonomy":"post_tag","embeddable":true,"href":"http:\/\/staging.ibermusicas.org\/index.php\/wp-json\/wp\/v2\/tags?post=6523"}],"curies":[{"name":"wp","href":"https:\/\/api.w.org\/{rel}","templated":true}]}}