{"id":6529,"date":"2016-10-11T05:45:21","date_gmt":"2016-10-11T05:45:21","guid":{"rendered":"http:\/\/staging.ibermusicas.org\/?p=6529"},"modified":"2021-05-26T05:51:12","modified_gmt":"2021-05-26T05:51:12","slug":"con-el-apoyo-de-ibermusicas-el-conjunto-colombiano-cimarron-realiza-su-gira-por-argentina-y-uruguay","status":"publish","type":"post","link":"http:\/\/staging.ibermusicas.org\/index.php\/con-el-apoyo-de-ibermusicas-el-conjunto-colombiano-cimarron-realiza-su-gira-por-argentina-y-uruguay\/","title":{"rendered":"Con el apoyo de Iberm\u00fasicas, el conjunto colombiano CIMARR\u00d3N realiza su gira por Argentina y Uruguay"},"content":{"rendered":"<p>El grupo de m\u00fasica llanera Colombiana con el formato tradicional de arpa, cuatro, maracas y bandola llanera, complementados con el contrabajo y las voces de los integrantes trae a Montevideo, Buenos Aires, Santa Fe y C\u00f3rdoba la espontaneidad, la frescura y la energ\u00eda del Joropo.<\/p>\n","protected":false},"excerpt":{"rendered":"<p>El grupo de m\u00fasica llanera Colombiana con el formato tradicional de arpa, cuatro, maracas y bandola llanera, complementados con el contrabajo y las voces de los integrantes trae a Montevideo, Buenos Aires, Santa Fe y C\u00f3rdoba la espontaneidad, la frescura y la energ\u00eda del Joropo.<\/p>\n","protected":false},"author":1,"featured_media":6531,"comment_status":"closed","ping_status":"closed","sticky":false,"template":"","format":"standard","meta":{"footnotes":""},"categories":[53],"tags":[],"class_list":["post-6529","post","type-post","status-publish","format-standard","has-post-thumbnail","hentry","category-noticias-generales"],"lang":"es","translations":{"es":6529},"pll_sync_post":[],"post_mailing_queue_ids":[],"_links":{"self":[{"href":"http:\/\/staging.ibermusicas.org\/index.php\/wp-json\/wp\/v2\/posts\/6529","targetHints":{"allow":["GET"]}}],"collection":[{"href":"http:\/\/staging.ibermusicas.org\/index.php\/wp-json\/wp\/v2\/posts"}],"about":[{"href":"http:\/\/staging.ibermusicas.org\/index.php\/wp-json\/wp\/v2\/types\/post"}],"author":[{"embeddable":true,"href":"http:\/\/staging.ibermusicas.org\/index.php\/wp-json\/wp\/v2\/users\/1"}],"replies":[{"embeddable":true,"href":"http:\/\/staging.ibermusicas.org\/index.php\/wp-json\/wp\/v2\/comments?post=6529"}],"version-history":[{"count":1,"href":"http:\/\/staging.ibermusicas.org\/index.php\/wp-json\/wp\/v2\/posts\/6529\/revisions"}],"predecessor-version":[{"id":6533,"href":"http:\/\/staging.ibermusicas.org\/index.php\/wp-json\/wp\/v2\/posts\/6529\/revisions\/6533"}],"wp:featuredmedia":[{"embeddable":true,"href":"http:\/\/staging.ibermusicas.org\/index.php\/wp-json\/wp\/v2\/media\/6531"}],"wp:attachment":[{"href":"http:\/\/staging.ibermusicas.org\/index.php\/wp-json\/wp\/v2\/media?parent=6529"}],"wp:term":[{"taxonomy":"category","embeddable":true,"href":"http:\/\/staging.ibermusicas.org\/index.php\/wp-json\/wp\/v2\/categories?post=6529"},{"taxonomy":"post_tag","embeddable":true,"href":"http:\/\/staging.ibermusicas.org\/index.php\/wp-json\/wp\/v2\/tags?post=6529"}],"curies":[{"name":"wp","href":"https:\/\/api.w.org\/{rel}","templated":true}]}}