{"id":6538,"date":"2016-11-05T05:56:47","date_gmt":"2016-11-05T05:56:47","guid":{"rendered":"http:\/\/staging.ibermusicas.org\/?p=6538"},"modified":"2021-05-26T05:58:23","modified_gmt":"2021-05-26T05:58:23","slug":"con-multiples-actividades-se-realizara-durante-dos-dias-consecutivos-en-montevideo-uruguay-el-mercado-musica-de-la-tierra","status":"publish","type":"post","link":"http:\/\/staging.ibermusicas.org\/index.php\/con-multiples-actividades-se-realizara-durante-dos-dias-consecutivos-en-montevideo-uruguay-el-mercado-musica-de-la-tierra\/","title":{"rendered":"Con m\u00faltiples actividades se realizar\u00e1 durante dos d\u00edas consecutivos en Montevideo, Uruguay el MERCADO M\u00daSICA DE LA TIERRA"},"content":{"rendered":"<p>El s\u00e1bado 12 y el domingo 13 de noviembre de 12 a 24 hs. se realizar\u00e1 en el Parque de Jakcsonville de Montevideo la sexta edici\u00f3n del Festival M\u00fasica de la Tierra.<\/p>\n","protected":false},"excerpt":{"rendered":"<p>El s\u00e1bado 12 y el domingo 13 de noviembre de 12 a 24 hs. se realizar\u00e1 en el Parque de Jakcsonville de Montevideo la sexta edici\u00f3n del Festival M\u00fasica de la Tierra.<\/p>\n","protected":false},"author":1,"featured_media":6539,"comment_status":"closed","ping_status":"closed","sticky":false,"template":"","format":"standard","meta":{"footnotes":""},"categories":[53],"tags":[],"class_list":["post-6538","post","type-post","status-publish","format-standard","has-post-thumbnail","hentry","category-noticias-generales"],"lang":"es","translations":{"es":6538},"pll_sync_post":[],"post_mailing_queue_ids":[],"_links":{"self":[{"href":"http:\/\/staging.ibermusicas.org\/index.php\/wp-json\/wp\/v2\/posts\/6538","targetHints":{"allow":["GET"]}}],"collection":[{"href":"http:\/\/staging.ibermusicas.org\/index.php\/wp-json\/wp\/v2\/posts"}],"about":[{"href":"http:\/\/staging.ibermusicas.org\/index.php\/wp-json\/wp\/v2\/types\/post"}],"author":[{"embeddable":true,"href":"http:\/\/staging.ibermusicas.org\/index.php\/wp-json\/wp\/v2\/users\/1"}],"replies":[{"embeddable":true,"href":"http:\/\/staging.ibermusicas.org\/index.php\/wp-json\/wp\/v2\/comments?post=6538"}],"version-history":[{"count":1,"href":"http:\/\/staging.ibermusicas.org\/index.php\/wp-json\/wp\/v2\/posts\/6538\/revisions"}],"predecessor-version":[{"id":6540,"href":"http:\/\/staging.ibermusicas.org\/index.php\/wp-json\/wp\/v2\/posts\/6538\/revisions\/6540"}],"wp:featuredmedia":[{"embeddable":true,"href":"http:\/\/staging.ibermusicas.org\/index.php\/wp-json\/wp\/v2\/media\/6539"}],"wp:attachment":[{"href":"http:\/\/staging.ibermusicas.org\/index.php\/wp-json\/wp\/v2\/media?parent=6538"}],"wp:term":[{"taxonomy":"category","embeddable":true,"href":"http:\/\/staging.ibermusicas.org\/index.php\/wp-json\/wp\/v2\/categories?post=6538"},{"taxonomy":"post_tag","embeddable":true,"href":"http:\/\/staging.ibermusicas.org\/index.php\/wp-json\/wp\/v2\/tags?post=6538"}],"curies":[{"name":"wp","href":"https:\/\/api.w.org\/{rel}","templated":true}]}}