{"id":6545,"date":"2016-11-01T06:00:58","date_gmt":"2016-11-01T06:00:58","guid":{"rendered":"http:\/\/staging.ibermusicas.org\/?p=6545"},"modified":"2021-05-26T06:05:03","modified_gmt":"2021-05-26T06:05:03","slug":"bajo-la-direccion-de-la-maestra-silvana-vallesi-el-coro-universitario-de-mendoza-realizara-un-concierto-en-la-sede-central-de-la-cepal-ubicada-en-santiago-de-chile","status":"publish","type":"post","link":"http:\/\/staging.ibermusicas.org\/index.php\/bajo-la-direccion-de-la-maestra-silvana-vallesi-el-coro-universitario-de-mendoza-realizara-un-concierto-en-la-sede-central-de-la-cepal-ubicada-en-santiago-de-chile\/","title":{"rendered":"Bajo la direcci\u00f3n de la maestra Silvana Vallesi, el CORO UNIVERSITARIO DE MENDOZA realizar\u00e1 un concierto en la sede central de la CEPAL ubicada en Santiago de Chile"},"content":{"rendered":"<p>El CUM, Coro Universitario de Mendoza, se cre\u00f3 el 12 de mayo de 1965 bajo la direcci\u00f3n del Maestro Felipe Vallesi, alma m\u00e1ter del Organismo. Actualmente, y desde 1997, lo dirige la Maestra Silvana Vallesi.<\/p>\n","protected":false},"excerpt":{"rendered":"<p>El CUM, Coro Universitario de Mendoza, se cre\u00f3 el 12 de mayo de 1965 bajo la direcci\u00f3n del Maestro Felipe Vallesi, alma m\u00e1ter del Organismo. Actualmente, y desde 1997, lo dirige la Maestra Silvana Vallesi.<\/p>\n","protected":false},"author":1,"featured_media":6546,"comment_status":"closed","ping_status":"closed","sticky":false,"template":"","format":"standard","meta":{"footnotes":""},"categories":[53],"tags":[],"class_list":["post-6545","post","type-post","status-publish","format-standard","has-post-thumbnail","hentry","category-noticias-generales"],"lang":"es","translations":{"es":6545},"pll_sync_post":[],"post_mailing_queue_ids":[],"_links":{"self":[{"href":"http:\/\/staging.ibermusicas.org\/index.php\/wp-json\/wp\/v2\/posts\/6545","targetHints":{"allow":["GET"]}}],"collection":[{"href":"http:\/\/staging.ibermusicas.org\/index.php\/wp-json\/wp\/v2\/posts"}],"about":[{"href":"http:\/\/staging.ibermusicas.org\/index.php\/wp-json\/wp\/v2\/types\/post"}],"author":[{"embeddable":true,"href":"http:\/\/staging.ibermusicas.org\/index.php\/wp-json\/wp\/v2\/users\/1"}],"replies":[{"embeddable":true,"href":"http:\/\/staging.ibermusicas.org\/index.php\/wp-json\/wp\/v2\/comments?post=6545"}],"version-history":[{"count":1,"href":"http:\/\/staging.ibermusicas.org\/index.php\/wp-json\/wp\/v2\/posts\/6545\/revisions"}],"predecessor-version":[{"id":6547,"href":"http:\/\/staging.ibermusicas.org\/index.php\/wp-json\/wp\/v2\/posts\/6545\/revisions\/6547"}],"wp:featuredmedia":[{"embeddable":true,"href":"http:\/\/staging.ibermusicas.org\/index.php\/wp-json\/wp\/v2\/media\/6546"}],"wp:attachment":[{"href":"http:\/\/staging.ibermusicas.org\/index.php\/wp-json\/wp\/v2\/media?parent=6545"}],"wp:term":[{"taxonomy":"category","embeddable":true,"href":"http:\/\/staging.ibermusicas.org\/index.php\/wp-json\/wp\/v2\/categories?post=6545"},{"taxonomy":"post_tag","embeddable":true,"href":"http:\/\/staging.ibermusicas.org\/index.php\/wp-json\/wp\/v2\/tags?post=6545"}],"curies":[{"name":"wp","href":"https:\/\/api.w.org\/{rel}","templated":true}]}}