{"id":6551,"date":"2016-11-30T06:08:28","date_gmt":"2016-11-30T06:08:28","guid":{"rendered":"http:\/\/staging.ibermusicas.org\/?p=6551"},"modified":"2021-05-26T06:10:46","modified_gmt":"2021-05-26T06:10:46","slug":"se-realizo-el-estreno-mundial-de-la-obra-ganadora-del-2-concurso-ibermusicas-oaxaca","status":"publish","type":"post","link":"http:\/\/staging.ibermusicas.org\/index.php\/se-realizo-el-estreno-mundial-de-la-obra-ganadora-del-2-concurso-ibermusicas-oaxaca\/","title":{"rendered":"Se realiz\u00f3 el estreno mundial de la obra ganadora del 2\u00b0 Concurso Iberm\u00fasicas &#8211; Oaxaca"},"content":{"rendered":"<p>Este sabado 26 de noviembre a las 19:00 horas en el Teatro Macedonio Alcal\u00e1 fu\u00e9 premiado Adri\u00e1n Suarez como una de las actividades torales del XXII Festival Eduardo Mata que organiz\u00f3 la Secretar\u00eda de las Culturas y Artes de Oaxaca, para interpretar \u201cAerofan\u00eda\u201d \u2013 retumbos m\u00edsticos para banda sinf\u00f3nica.<\/p>\n","protected":false},"excerpt":{"rendered":"<p>Este sabado 26 de noviembre a las 19:00 horas en el Teatro Macedonio Alcal\u00e1 fu\u00e9 premiado Adri\u00e1n Suarez como una de las actividades torales del XXII Festival Eduardo Mata que organiz\u00f3 la Secretar\u00eda de las Culturas y Artes de Oaxaca, para interpretar \u201cAerofan\u00eda\u201d \u2013 retumbos m\u00edsticos para banda sinf\u00f3nica.<\/p>\n","protected":false},"author":1,"featured_media":6552,"comment_status":"closed","ping_status":"closed","sticky":false,"template":"","format":"standard","meta":{"footnotes":""},"categories":[53],"tags":[],"class_list":["post-6551","post","type-post","status-publish","format-standard","has-post-thumbnail","hentry","category-noticias-generales"],"lang":"es","translations":{"es":6551},"pll_sync_post":[],"post_mailing_queue_ids":[],"_links":{"self":[{"href":"http:\/\/staging.ibermusicas.org\/index.php\/wp-json\/wp\/v2\/posts\/6551","targetHints":{"allow":["GET"]}}],"collection":[{"href":"http:\/\/staging.ibermusicas.org\/index.php\/wp-json\/wp\/v2\/posts"}],"about":[{"href":"http:\/\/staging.ibermusicas.org\/index.php\/wp-json\/wp\/v2\/types\/post"}],"author":[{"embeddable":true,"href":"http:\/\/staging.ibermusicas.org\/index.php\/wp-json\/wp\/v2\/users\/1"}],"replies":[{"embeddable":true,"href":"http:\/\/staging.ibermusicas.org\/index.php\/wp-json\/wp\/v2\/comments?post=6551"}],"version-history":[{"count":1,"href":"http:\/\/staging.ibermusicas.org\/index.php\/wp-json\/wp\/v2\/posts\/6551\/revisions"}],"predecessor-version":[{"id":6553,"href":"http:\/\/staging.ibermusicas.org\/index.php\/wp-json\/wp\/v2\/posts\/6551\/revisions\/6553"}],"wp:featuredmedia":[{"embeddable":true,"href":"http:\/\/staging.ibermusicas.org\/index.php\/wp-json\/wp\/v2\/media\/6552"}],"wp:attachment":[{"href":"http:\/\/staging.ibermusicas.org\/index.php\/wp-json\/wp\/v2\/media?parent=6551"}],"wp:term":[{"taxonomy":"category","embeddable":true,"href":"http:\/\/staging.ibermusicas.org\/index.php\/wp-json\/wp\/v2\/categories?post=6551"},{"taxonomy":"post_tag","embeddable":true,"href":"http:\/\/staging.ibermusicas.org\/index.php\/wp-json\/wp\/v2\/tags?post=6551"}],"curies":[{"name":"wp","href":"https:\/\/api.w.org\/{rel}","templated":true}]}}