{"id":6554,"date":"2016-12-03T06:11:21","date_gmt":"2016-12-03T06:11:21","guid":{"rendered":"http:\/\/staging.ibermusicas.org\/?p=6554"},"modified":"2021-05-26T06:24:49","modified_gmt":"2021-05-26T06:24:49","slug":"se-anuncian-los-nombres-los-ganadores-del-3-concurso-de-composicion-de-cancion-popular-2016","status":"publish","type":"post","link":"http:\/\/staging.ibermusicas.org\/index.php\/se-anuncian-los-nombres-los-ganadores-del-3-concurso-de-composicion-de-cancion-popular-2016\/","title":{"rendered":"Se anuncian los nombres  los ganadores del 3\u00b0 Concurso de composici\u00f3n de canci\u00f3n popular 2016"},"content":{"rendered":"<p>Con inmensa alegr\u00eda los Ministerios, Secretar\u00edas e Institutos de Cultura de los once pa\u00edses que integran el Programa IBERM\u00daSICAS dan a conocer los nombres de los once ganadores del III Concurso Iberoamericano de composici\u00f3n de Canci\u00f3n Popular.<\/p>\n","protected":false},"excerpt":{"rendered":"<p>Con inmensa alegr\u00eda los Ministerios, Secretar\u00edas e Institutos de Cultura de los once pa\u00edses que integran el Programa IBERM\u00daSICAS dan a conocer los nombres de los once ganadores del III Concurso Iberoamericano de composici\u00f3n de Canci\u00f3n Popular.<\/p>\n","protected":false},"author":1,"featured_media":6555,"comment_status":"closed","ping_status":"closed","sticky":false,"template":"","format":"standard","meta":{"footnotes":""},"categories":[53],"tags":[],"class_list":["post-6554","post","type-post","status-publish","format-standard","has-post-thumbnail","hentry","category-noticias-generales"],"lang":"es","translations":{"es":6554},"pll_sync_post":[],"post_mailing_queue_ids":[],"_links":{"self":[{"href":"http:\/\/staging.ibermusicas.org\/index.php\/wp-json\/wp\/v2\/posts\/6554","targetHints":{"allow":["GET"]}}],"collection":[{"href":"http:\/\/staging.ibermusicas.org\/index.php\/wp-json\/wp\/v2\/posts"}],"about":[{"href":"http:\/\/staging.ibermusicas.org\/index.php\/wp-json\/wp\/v2\/types\/post"}],"author":[{"embeddable":true,"href":"http:\/\/staging.ibermusicas.org\/index.php\/wp-json\/wp\/v2\/users\/1"}],"replies":[{"embeddable":true,"href":"http:\/\/staging.ibermusicas.org\/index.php\/wp-json\/wp\/v2\/comments?post=6554"}],"version-history":[{"count":1,"href":"http:\/\/staging.ibermusicas.org\/index.php\/wp-json\/wp\/v2\/posts\/6554\/revisions"}],"predecessor-version":[{"id":6556,"href":"http:\/\/staging.ibermusicas.org\/index.php\/wp-json\/wp\/v2\/posts\/6554\/revisions\/6556"}],"wp:featuredmedia":[{"embeddable":true,"href":"http:\/\/staging.ibermusicas.org\/index.php\/wp-json\/wp\/v2\/media\/6555"}],"wp:attachment":[{"href":"http:\/\/staging.ibermusicas.org\/index.php\/wp-json\/wp\/v2\/media?parent=6554"}],"wp:term":[{"taxonomy":"category","embeddable":true,"href":"http:\/\/staging.ibermusicas.org\/index.php\/wp-json\/wp\/v2\/categories?post=6554"},{"taxonomy":"post_tag","embeddable":true,"href":"http:\/\/staging.ibermusicas.org\/index.php\/wp-json\/wp\/v2\/tags?post=6554"}],"curies":[{"name":"wp","href":"https:\/\/api.w.org\/{rel}","templated":true}]}}