{"id":6557,"date":"2016-12-16T06:25:38","date_gmt":"2016-12-16T06:25:38","guid":{"rendered":"http:\/\/staging.ibermusicas.org\/?p=6557"},"modified":"2021-05-26T06:31:24","modified_gmt":"2021-05-26T06:31:24","slug":"ema-yazurlo-y-quilombo-sonoro-viajan-desde-argentina-para-presentarse-en-el-winterfestival-de-puerto-morelos-mexico","status":"publish","type":"post","link":"http:\/\/staging.ibermusicas.org\/index.php\/ema-yazurlo-y-quilombo-sonoro-viajan-desde-argentina-para-presentarse-en-el-winterfestival-de-puerto-morelos-mexico\/","title":{"rendered":"EMA YAZURLO Y QUILOMBO SONORO viajan desde Argentina para presentarse en el WinterFestival de Puerto Morelos, M\u00e9xico"},"content":{"rendered":"<p>En el marco de la marat\u00f3n musical del WinterFestival que se realizar\u00e1 el 23 de diciembre en Puerto Morelos EMA YAZURLO Y QUILOMBO SONORO desembarcar\u00e1n con su etno-folk mezclado con sonidos urbanos en los que aparecen rumba, balkan, sonidos electr\u00f3nicos, swing, folklore, cumbia, huaynos, reggae, hip hop, funk y rap.<\/p>\n","protected":false},"excerpt":{"rendered":"<p>En el marco de la marat\u00f3n musical del WinterFestival que se realizar\u00e1 el 23 de diciembre en Puerto Morelos EMA YAZURLO Y QUILOMBO SONORO desembarcar\u00e1n con su etno-folk mezclado con sonidos urbanos en los que aparecen rumba, balkan, sonidos electr\u00f3nicos, swing, folklore, cumbia, huaynos, reggae, hip hop, funk y rap.<\/p>\n","protected":false},"author":1,"featured_media":6558,"comment_status":"closed","ping_status":"closed","sticky":false,"template":"","format":"standard","meta":{"footnotes":""},"categories":[53],"tags":[],"class_list":["post-6557","post","type-post","status-publish","format-standard","has-post-thumbnail","hentry","category-noticias-generales"],"lang":"es","translations":{"es":6557},"pll_sync_post":[],"post_mailing_queue_ids":[],"_links":{"self":[{"href":"http:\/\/staging.ibermusicas.org\/index.php\/wp-json\/wp\/v2\/posts\/6557","targetHints":{"allow":["GET"]}}],"collection":[{"href":"http:\/\/staging.ibermusicas.org\/index.php\/wp-json\/wp\/v2\/posts"}],"about":[{"href":"http:\/\/staging.ibermusicas.org\/index.php\/wp-json\/wp\/v2\/types\/post"}],"author":[{"embeddable":true,"href":"http:\/\/staging.ibermusicas.org\/index.php\/wp-json\/wp\/v2\/users\/1"}],"replies":[{"embeddable":true,"href":"http:\/\/staging.ibermusicas.org\/index.php\/wp-json\/wp\/v2\/comments?post=6557"}],"version-history":[{"count":1,"href":"http:\/\/staging.ibermusicas.org\/index.php\/wp-json\/wp\/v2\/posts\/6557\/revisions"}],"predecessor-version":[{"id":6559,"href":"http:\/\/staging.ibermusicas.org\/index.php\/wp-json\/wp\/v2\/posts\/6557\/revisions\/6559"}],"wp:featuredmedia":[{"embeddable":true,"href":"http:\/\/staging.ibermusicas.org\/index.php\/wp-json\/wp\/v2\/media\/6558"}],"wp:attachment":[{"href":"http:\/\/staging.ibermusicas.org\/index.php\/wp-json\/wp\/v2\/media?parent=6557"}],"wp:term":[{"taxonomy":"category","embeddable":true,"href":"http:\/\/staging.ibermusicas.org\/index.php\/wp-json\/wp\/v2\/categories?post=6557"},{"taxonomy":"post_tag","embeddable":true,"href":"http:\/\/staging.ibermusicas.org\/index.php\/wp-json\/wp\/v2\/tags?post=6557"}],"curies":[{"name":"wp","href":"https:\/\/api.w.org\/{rel}","templated":true}]}}