{"id":6560,"date":"2016-12-03T06:35:03","date_gmt":"2016-12-03T06:35:03","guid":{"rendered":"http:\/\/staging.ibermusicas.org\/?p=6560"},"modified":"2021-05-26T06:40:03","modified_gmt":"2021-05-26T06:40:03","slug":"desde-uruguay-la-banda-atlantico-negro-viaja-a-costa-rica-para-presentarse-en-el-greco-fest-2016","status":"publish","type":"post","link":"http:\/\/staging.ibermusicas.org\/index.php\/desde-uruguay-la-banda-atlantico-negro-viaja-a-costa-rica-para-presentarse-en-el-greco-fest-2016\/","title":{"rendered":"Desde Uruguay la banda ATL\u00c1NTICO NEGRO viaja a Costa Rica para presentarse en el Greco Fest 2016"},"content":{"rendered":"<p>El 10 de diciembre se presentar\u00e1 la banda uruguaya ATL\u00c1NTICO NEGRO en el Greco Fest 2016 que se realiza en Grecia, San Jos\u00e9 de Costa Rica.<\/p>\n","protected":false},"excerpt":{"rendered":"<p>El 10 de diciembre se presentar\u00e1 la banda uruguaya ATL\u00c1NTICO NEGRO en el Greco Fest 2016 que se realiza en Grecia, San Jos\u00e9 de Costa Rica.<\/p>\n","protected":false},"author":1,"featured_media":6561,"comment_status":"closed","ping_status":"closed","sticky":false,"template":"","format":"standard","meta":{"footnotes":""},"categories":[53],"tags":[],"class_list":["post-6560","post","type-post","status-publish","format-standard","has-post-thumbnail","hentry","category-noticias-generales"],"lang":"es","translations":{"es":6560},"pll_sync_post":[],"post_mailing_queue_ids":[],"_links":{"self":[{"href":"http:\/\/staging.ibermusicas.org\/index.php\/wp-json\/wp\/v2\/posts\/6560","targetHints":{"allow":["GET"]}}],"collection":[{"href":"http:\/\/staging.ibermusicas.org\/index.php\/wp-json\/wp\/v2\/posts"}],"about":[{"href":"http:\/\/staging.ibermusicas.org\/index.php\/wp-json\/wp\/v2\/types\/post"}],"author":[{"embeddable":true,"href":"http:\/\/staging.ibermusicas.org\/index.php\/wp-json\/wp\/v2\/users\/1"}],"replies":[{"embeddable":true,"href":"http:\/\/staging.ibermusicas.org\/index.php\/wp-json\/wp\/v2\/comments?post=6560"}],"version-history":[{"count":1,"href":"http:\/\/staging.ibermusicas.org\/index.php\/wp-json\/wp\/v2\/posts\/6560\/revisions"}],"predecessor-version":[{"id":6562,"href":"http:\/\/staging.ibermusicas.org\/index.php\/wp-json\/wp\/v2\/posts\/6560\/revisions\/6562"}],"wp:featuredmedia":[{"embeddable":true,"href":"http:\/\/staging.ibermusicas.org\/index.php\/wp-json\/wp\/v2\/media\/6561"}],"wp:attachment":[{"href":"http:\/\/staging.ibermusicas.org\/index.php\/wp-json\/wp\/v2\/media?parent=6560"}],"wp:term":[{"taxonomy":"category","embeddable":true,"href":"http:\/\/staging.ibermusicas.org\/index.php\/wp-json\/wp\/v2\/categories?post=6560"},{"taxonomy":"post_tag","embeddable":true,"href":"http:\/\/staging.ibermusicas.org\/index.php\/wp-json\/wp\/v2\/tags?post=6560"}],"curies":[{"name":"wp","href":"https:\/\/api.w.org\/{rel}","templated":true}]}}