{"id":6563,"date":"2016-12-20T06:47:18","date_gmt":"2016-12-20T06:47:18","guid":{"rendered":"http:\/\/staging.ibermusicas.org\/?p=6563"},"modified":"2021-05-26T06:53:36","modified_gmt":"2021-05-26T06:53:36","slug":"la-grela-quinteto-de-tango-llevara-la-emblematica-musica-de-la-ciudad-de-buenos-aires-argentina-a-diversos-escenarios-de-peru","status":"publish","type":"post","link":"http:\/\/staging.ibermusicas.org\/index.php\/la-grela-quinteto-de-tango-llevara-la-emblematica-musica-de-la-ciudad-de-buenos-aires-argentina-a-diversos-escenarios-de-peru\/","title":{"rendered":"LA GRELA, QUINTETO DE TANGO llevar\u00e1 la emblem\u00e1tica m\u00fasica de la Ciudad de Buenos Aires, Argentina a diversos escenarios de Per\u00fa"},"content":{"rendered":"<p>La agrupaci\u00f3n nace en septiembre de 2001 como un proyecto de m\u00fasicos de tango que buscan explorar el g\u00e9nero con composiciones y arreglos propios. Est\u00e1 integrado por Pablo Fraguela (piano, arreglos y direcci\u00f3n musical), Diego Tejedor (viol\u00edn), Rub\u00e9n Slonimsky (bandone\u00f3n y arreglos), Rafael Delgado (violoncello) y Ricardo C\u00e1nepa (contrabajo).<\/p>\n","protected":false},"excerpt":{"rendered":"<p>La agrupaci\u00f3n nace en septiembre de 2001 como un proyecto de m\u00fasicos de tango que buscan explorar el g\u00e9nero con composiciones y arreglos propios. Est\u00e1 integrado por Pablo Fraguela (piano, arreglos y direcci\u00f3n musical), Diego Tejedor (viol\u00edn), Rub\u00e9n Slonimsky (bandone\u00f3n y arreglos), Rafael Delgado (violoncello) y Ricardo C\u00e1nepa (contrabajo).<\/p>\n","protected":false},"author":1,"featured_media":6564,"comment_status":"closed","ping_status":"closed","sticky":false,"template":"","format":"standard","meta":{"footnotes":""},"categories":[53],"tags":[],"class_list":["post-6563","post","type-post","status-publish","format-standard","has-post-thumbnail","hentry","category-noticias-generales"],"lang":"es","translations":{"es":6563},"pll_sync_post":[],"post_mailing_queue_ids":[],"_links":{"self":[{"href":"http:\/\/staging.ibermusicas.org\/index.php\/wp-json\/wp\/v2\/posts\/6563","targetHints":{"allow":["GET"]}}],"collection":[{"href":"http:\/\/staging.ibermusicas.org\/index.php\/wp-json\/wp\/v2\/posts"}],"about":[{"href":"http:\/\/staging.ibermusicas.org\/index.php\/wp-json\/wp\/v2\/types\/post"}],"author":[{"embeddable":true,"href":"http:\/\/staging.ibermusicas.org\/index.php\/wp-json\/wp\/v2\/users\/1"}],"replies":[{"embeddable":true,"href":"http:\/\/staging.ibermusicas.org\/index.php\/wp-json\/wp\/v2\/comments?post=6563"}],"version-history":[{"count":1,"href":"http:\/\/staging.ibermusicas.org\/index.php\/wp-json\/wp\/v2\/posts\/6563\/revisions"}],"predecessor-version":[{"id":6565,"href":"http:\/\/staging.ibermusicas.org\/index.php\/wp-json\/wp\/v2\/posts\/6563\/revisions\/6565"}],"wp:featuredmedia":[{"embeddable":true,"href":"http:\/\/staging.ibermusicas.org\/index.php\/wp-json\/wp\/v2\/media\/6564"}],"wp:attachment":[{"href":"http:\/\/staging.ibermusicas.org\/index.php\/wp-json\/wp\/v2\/media?parent=6563"}],"wp:term":[{"taxonomy":"category","embeddable":true,"href":"http:\/\/staging.ibermusicas.org\/index.php\/wp-json\/wp\/v2\/categories?post=6563"},{"taxonomy":"post_tag","embeddable":true,"href":"http:\/\/staging.ibermusicas.org\/index.php\/wp-json\/wp\/v2\/tags?post=6563"}],"curies":[{"name":"wp","href":"https:\/\/api.w.org\/{rel}","templated":true}]}}