{"id":6572,"date":"2016-12-11T07:29:12","date_gmt":"2016-12-11T07:29:12","guid":{"rendered":"http:\/\/staging.ibermusicas.org\/?p=6572"},"modified":"2021-05-26T07:32:03","modified_gmt":"2021-05-26T07:32:03","slug":"la-cantante-argentina-maria-alejandra-de-olano-inicia-en-alemania-su-residencia-enfocada-sobre-aspectos-interpretativos-de-la-obra-de-compositores-argentinos-contemporaneos","status":"publish","type":"post","link":"http:\/\/staging.ibermusicas.org\/index.php\/la-cantante-argentina-maria-alejandra-de-olano-inicia-en-alemania-su-residencia-enfocada-sobre-aspectos-interpretativos-de-la-obra-de-compositores-argentinos-contemporaneos\/","title":{"rendered":"La cantante argentina MAR\u00cdA ALEJANDRA DE OLANO inicia en Alemania su residencia enfocada sobre aspectos interpretativos de la obra de compositores argentinos contempor\u00e1neos"},"content":{"rendered":"<p>Mar\u00eda Alejandra de Olano, cantante y profesora de m\u00fasica con orientaci\u00f3n en direcci\u00f3n coral, egresada de la Facultad de Bellas Artes de la Universidad Nacional de La Plata, Argentina, inicia su residencia art\u00edstica en la H\u00f6chschule f\u00fcr Kirchenmusik de T\u00fcbingen (Alemania). <\/p>\n","protected":false},"excerpt":{"rendered":"<p>Mar\u00eda Alejandra de Olano, cantante y profesora de m\u00fasica con orientaci\u00f3n en direcci\u00f3n coral, egresada de la Facultad de Bellas Artes de la Universidad Nacional de La Plata, Argentina, inicia su residencia art\u00edstica en la H\u00f6chschule f\u00fcr Kirchenmusik de T\u00fcbingen (Alemania).<\/p>\n","protected":false},"author":1,"featured_media":6573,"comment_status":"closed","ping_status":"closed","sticky":false,"template":"","format":"standard","meta":{"footnotes":""},"categories":[53],"tags":[],"class_list":["post-6572","post","type-post","status-publish","format-standard","has-post-thumbnail","hentry","category-noticias-generales"],"lang":"es","translations":{"es":6572},"pll_sync_post":[],"post_mailing_queue_ids":[],"_links":{"self":[{"href":"http:\/\/staging.ibermusicas.org\/index.php\/wp-json\/wp\/v2\/posts\/6572","targetHints":{"allow":["GET"]}}],"collection":[{"href":"http:\/\/staging.ibermusicas.org\/index.php\/wp-json\/wp\/v2\/posts"}],"about":[{"href":"http:\/\/staging.ibermusicas.org\/index.php\/wp-json\/wp\/v2\/types\/post"}],"author":[{"embeddable":true,"href":"http:\/\/staging.ibermusicas.org\/index.php\/wp-json\/wp\/v2\/users\/1"}],"replies":[{"embeddable":true,"href":"http:\/\/staging.ibermusicas.org\/index.php\/wp-json\/wp\/v2\/comments?post=6572"}],"version-history":[{"count":2,"href":"http:\/\/staging.ibermusicas.org\/index.php\/wp-json\/wp\/v2\/posts\/6572\/revisions"}],"predecessor-version":[{"id":6575,"href":"http:\/\/staging.ibermusicas.org\/index.php\/wp-json\/wp\/v2\/posts\/6572\/revisions\/6575"}],"wp:featuredmedia":[{"embeddable":true,"href":"http:\/\/staging.ibermusicas.org\/index.php\/wp-json\/wp\/v2\/media\/6573"}],"wp:attachment":[{"href":"http:\/\/staging.ibermusicas.org\/index.php\/wp-json\/wp\/v2\/media?parent=6572"}],"wp:term":[{"taxonomy":"category","embeddable":true,"href":"http:\/\/staging.ibermusicas.org\/index.php\/wp-json\/wp\/v2\/categories?post=6572"},{"taxonomy":"post_tag","embeddable":true,"href":"http:\/\/staging.ibermusicas.org\/index.php\/wp-json\/wp\/v2\/tags?post=6572"}],"curies":[{"name":"wp","href":"https:\/\/api.w.org\/{rel}","templated":true}]}}