{"id":6576,"date":"2016-12-15T07:32:19","date_gmt":"2016-12-15T07:32:19","guid":{"rendered":"http:\/\/staging.ibermusicas.org\/?p=6576"},"modified":"2021-05-26T07:35:16","modified_gmt":"2021-05-26T07:35:16","slug":"en-el-departamento-de-rocha-uruguay-se-llevara-a-cabo-la-tercera-edicion-del-festival-internacional-serenadas-2017","status":"publish","type":"post","link":"http:\/\/staging.ibermusicas.org\/index.php\/en-el-departamento-de-rocha-uruguay-se-llevara-a-cabo-la-tercera-edicion-del-festival-internacional-serenadas-2017\/","title":{"rendered":"En el departamento de Rocha, Uruguay se llevar\u00e1 a cabo la tercera edici\u00f3n del FESTIVAL INTERNACIONAL SERENADAS 2017"},"content":{"rendered":"<p>El Festival Serenadas es un encuentro de canci\u00f3n de autor entre con artistas de todo Iberoam\u00e9rica. <\/p>\n","protected":false},"excerpt":{"rendered":"<p>El Festival Serenadas es un encuentro de canci\u00f3n de autor entre con artistas de todo Iberoam\u00e9rica.<\/p>\n","protected":false},"author":1,"featured_media":6577,"comment_status":"closed","ping_status":"closed","sticky":false,"template":"","format":"standard","meta":{"footnotes":""},"categories":[53],"tags":[],"class_list":["post-6576","post","type-post","status-publish","format-standard","has-post-thumbnail","hentry","category-noticias-generales"],"lang":"es","translations":{"es":6576},"pll_sync_post":[],"post_mailing_queue_ids":[],"_links":{"self":[{"href":"http:\/\/staging.ibermusicas.org\/index.php\/wp-json\/wp\/v2\/posts\/6576","targetHints":{"allow":["GET"]}}],"collection":[{"href":"http:\/\/staging.ibermusicas.org\/index.php\/wp-json\/wp\/v2\/posts"}],"about":[{"href":"http:\/\/staging.ibermusicas.org\/index.php\/wp-json\/wp\/v2\/types\/post"}],"author":[{"embeddable":true,"href":"http:\/\/staging.ibermusicas.org\/index.php\/wp-json\/wp\/v2\/users\/1"}],"replies":[{"embeddable":true,"href":"http:\/\/staging.ibermusicas.org\/index.php\/wp-json\/wp\/v2\/comments?post=6576"}],"version-history":[{"count":1,"href":"http:\/\/staging.ibermusicas.org\/index.php\/wp-json\/wp\/v2\/posts\/6576\/revisions"}],"predecessor-version":[{"id":6578,"href":"http:\/\/staging.ibermusicas.org\/index.php\/wp-json\/wp\/v2\/posts\/6576\/revisions\/6578"}],"wp:featuredmedia":[{"embeddable":true,"href":"http:\/\/staging.ibermusicas.org\/index.php\/wp-json\/wp\/v2\/media\/6577"}],"wp:attachment":[{"href":"http:\/\/staging.ibermusicas.org\/index.php\/wp-json\/wp\/v2\/media?parent=6576"}],"wp:term":[{"taxonomy":"category","embeddable":true,"href":"http:\/\/staging.ibermusicas.org\/index.php\/wp-json\/wp\/v2\/categories?post=6576"},{"taxonomy":"post_tag","embeddable":true,"href":"http:\/\/staging.ibermusicas.org\/index.php\/wp-json\/wp\/v2\/tags?post=6576"}],"curies":[{"name":"wp","href":"https:\/\/api.w.org\/{rel}","templated":true}]}}