{"id":6579,"date":"2016-12-06T07:35:28","date_gmt":"2016-12-06T07:35:28","guid":{"rendered":"http:\/\/staging.ibermusicas.org\/?p=6579"},"modified":"2021-05-26T07:36:51","modified_gmt":"2021-05-26T07:36:51","slug":"desde-pernambuco-brasil-renata-rosa-lleva-su-sorprendente-propuesta-artistica-a-chile","status":"publish","type":"post","link":"http:\/\/staging.ibermusicas.org\/index.php\/desde-pernambuco-brasil-renata-rosa-lleva-su-sorprendente-propuesta-artistica-a-chile\/","title":{"rendered":"Desde Pernambuco, Brasil RENATA ROSA lleva su sorprendente propuesta art\u00edstica a Chile"},"content":{"rendered":"<p>Con una voz y una propuesta art\u00edstica que parecen venir de la noche de los tiempos y de la soledad de los desiertos del nordeste brasile\u00f1o, la cantante, compositora, poeta, actriz y recopiladora Renata Rosa resume la magia de su tierra y las hondas ra\u00edces de la cultura de Brasil. Lo poderoso y lo sensible, lo profundo y lo leve, lo r\u00fastico y lo refinado conviven en su arte creando un universo personal.<\/p>\n","protected":false},"excerpt":{"rendered":"<p>Con una voz y una propuesta art\u00edstica que parecen venir de la noche de los tiempos y de la soledad de los desiertos del nordeste brasile\u00f1o, la cantante, compositora, poeta, actriz y recopiladora Renata Rosa resume la magia de su tierra y las hondas ra\u00edces de la cultura de Brasil. Lo poderoso y lo sensible, [&hellip;]<\/p>\n","protected":false},"author":1,"featured_media":6580,"comment_status":"closed","ping_status":"closed","sticky":false,"template":"","format":"standard","meta":{"footnotes":""},"categories":[53],"tags":[],"class_list":["post-6579","post","type-post","status-publish","format-standard","has-post-thumbnail","hentry","category-noticias-generales"],"lang":"es","translations":{"es":6579},"pll_sync_post":[],"post_mailing_queue_ids":[],"_links":{"self":[{"href":"http:\/\/staging.ibermusicas.org\/index.php\/wp-json\/wp\/v2\/posts\/6579","targetHints":{"allow":["GET"]}}],"collection":[{"href":"http:\/\/staging.ibermusicas.org\/index.php\/wp-json\/wp\/v2\/posts"}],"about":[{"href":"http:\/\/staging.ibermusicas.org\/index.php\/wp-json\/wp\/v2\/types\/post"}],"author":[{"embeddable":true,"href":"http:\/\/staging.ibermusicas.org\/index.php\/wp-json\/wp\/v2\/users\/1"}],"replies":[{"embeddable":true,"href":"http:\/\/staging.ibermusicas.org\/index.php\/wp-json\/wp\/v2\/comments?post=6579"}],"version-history":[{"count":1,"href":"http:\/\/staging.ibermusicas.org\/index.php\/wp-json\/wp\/v2\/posts\/6579\/revisions"}],"predecessor-version":[{"id":6581,"href":"http:\/\/staging.ibermusicas.org\/index.php\/wp-json\/wp\/v2\/posts\/6579\/revisions\/6581"}],"wp:featuredmedia":[{"embeddable":true,"href":"http:\/\/staging.ibermusicas.org\/index.php\/wp-json\/wp\/v2\/media\/6580"}],"wp:attachment":[{"href":"http:\/\/staging.ibermusicas.org\/index.php\/wp-json\/wp\/v2\/media?parent=6579"}],"wp:term":[{"taxonomy":"category","embeddable":true,"href":"http:\/\/staging.ibermusicas.org\/index.php\/wp-json\/wp\/v2\/categories?post=6579"},{"taxonomy":"post_tag","embeddable":true,"href":"http:\/\/staging.ibermusicas.org\/index.php\/wp-json\/wp\/v2\/tags?post=6579"}],"curies":[{"name":"wp","href":"https:\/\/api.w.org\/{rel}","templated":true}]}}