{"id":6590,"date":"2017-01-10T07:41:41","date_gmt":"2017-01-10T07:41:41","guid":{"rendered":"http:\/\/staging.ibermusicas.org\/?p=6590"},"modified":"2021-05-26T07:42:49","modified_gmt":"2021-05-26T07:42:49","slug":"desde-colombia-los-gaiteros-de-san-jacinto-llegaran-a-chile-para-presentarse-en-multiples-escenarios","status":"publish","type":"post","link":"http:\/\/staging.ibermusicas.org\/index.php\/desde-colombia-los-gaiteros-de-san-jacinto-llegaran-a-chile-para-presentarse-en-multiples-escenarios\/","title":{"rendered":"Desde Colombia los GAITEROS DE SAN JACINTO llegar\u00e1n a Chile para presentarse en m\u00faltiples escenarios"},"content":{"rendered":"<p>La agrupaci\u00f3n caribe\u00f1a ganadora del Grammy Latino, los legendarios Gaiteros de San Jacinto, lleva su gira \u201cCumbia Org\u00e1nica\u201d por distintos escenarios de Chile. <\/p>\n","protected":false},"excerpt":{"rendered":"<p>La agrupaci\u00f3n caribe\u00f1a ganadora del Grammy Latino, los legendarios Gaiteros de San Jacinto, lleva su gira \u201cCumbia Org\u00e1nica\u201d por distintos escenarios de Chile.<\/p>\n","protected":false},"author":1,"featured_media":6591,"comment_status":"closed","ping_status":"closed","sticky":false,"template":"","format":"standard","meta":{"footnotes":""},"categories":[53],"tags":[],"class_list":["post-6590","post","type-post","status-publish","format-standard","has-post-thumbnail","hentry","category-noticias-generales"],"lang":"es","translations":{"es":6590},"pll_sync_post":[],"post_mailing_queue_ids":[],"_links":{"self":[{"href":"http:\/\/staging.ibermusicas.org\/index.php\/wp-json\/wp\/v2\/posts\/6590","targetHints":{"allow":["GET"]}}],"collection":[{"href":"http:\/\/staging.ibermusicas.org\/index.php\/wp-json\/wp\/v2\/posts"}],"about":[{"href":"http:\/\/staging.ibermusicas.org\/index.php\/wp-json\/wp\/v2\/types\/post"}],"author":[{"embeddable":true,"href":"http:\/\/staging.ibermusicas.org\/index.php\/wp-json\/wp\/v2\/users\/1"}],"replies":[{"embeddable":true,"href":"http:\/\/staging.ibermusicas.org\/index.php\/wp-json\/wp\/v2\/comments?post=6590"}],"version-history":[{"count":1,"href":"http:\/\/staging.ibermusicas.org\/index.php\/wp-json\/wp\/v2\/posts\/6590\/revisions"}],"predecessor-version":[{"id":6592,"href":"http:\/\/staging.ibermusicas.org\/index.php\/wp-json\/wp\/v2\/posts\/6590\/revisions\/6592"}],"wp:featuredmedia":[{"embeddable":true,"href":"http:\/\/staging.ibermusicas.org\/index.php\/wp-json\/wp\/v2\/media\/6591"}],"wp:attachment":[{"href":"http:\/\/staging.ibermusicas.org\/index.php\/wp-json\/wp\/v2\/media?parent=6590"}],"wp:term":[{"taxonomy":"category","embeddable":true,"href":"http:\/\/staging.ibermusicas.org\/index.php\/wp-json\/wp\/v2\/categories?post=6590"},{"taxonomy":"post_tag","embeddable":true,"href":"http:\/\/staging.ibermusicas.org\/index.php\/wp-json\/wp\/v2\/tags?post=6590"}],"curies":[{"name":"wp","href":"https:\/\/api.w.org\/{rel}","templated":true}]}}