{"id":6593,"date":"2017-01-16T07:42:59","date_gmt":"2017-01-16T07:42:59","guid":{"rendered":"http:\/\/staging.ibermusicas.org\/?p=6593"},"modified":"2021-05-26T07:44:09","modified_gmt":"2021-05-26T07:44:09","slug":"la-cantante-panamena-yomira-john-sera-parte-de-la-gala-inaugural-de-lisboa-capital-iberormericana-de-la-cultura-en-portugal","status":"publish","type":"post","link":"http:\/\/staging.ibermusicas.org\/index.php\/la-cantante-panamena-yomira-john-sera-parte-de-la-gala-inaugural-de-lisboa-capital-iberormericana-de-la-cultura-en-portugal\/","title":{"rendered":"La cantante paname\u00f1a YOMIRA JOHN ser\u00e1 parte de la gala inaugural de \u201cLisboa Capital Iberormericana de la Cultura\u201d en Portugal"},"content":{"rendered":"<p>Compartiendo escenario con Mariela Condo de Ecuador y Gisela Jo\u00e3o de Portugal, Yomira John, una de las voces m\u00e1s importantes de Panam\u00e1 formar\u00e1 parte del concierto de apertura de \u00abLisboa Capital Iberoam\u00e9rica de la Cultura\u00bb en el Teatro Municipal S\u00e3o Luis de Lisboa.<\/p>\n","protected":false},"excerpt":{"rendered":"<p>Compartiendo escenario con Mariela Condo de Ecuador y Gisela Jo\u00e3o de Portugal, Yomira John, una de las voces m\u00e1s importantes de Panam\u00e1 formar\u00e1 parte del concierto de apertura de \u00abLisboa Capital Iberoam\u00e9rica de la Cultura\u00bb en el Teatro Municipal S\u00e3o Luis de Lisboa.<\/p>\n","protected":false},"author":1,"featured_media":6594,"comment_status":"closed","ping_status":"closed","sticky":false,"template":"","format":"standard","meta":{"footnotes":""},"categories":[53],"tags":[],"class_list":["post-6593","post","type-post","status-publish","format-standard","has-post-thumbnail","hentry","category-noticias-generales"],"lang":"es","translations":{"es":6593},"pll_sync_post":[],"post_mailing_queue_ids":[],"_links":{"self":[{"href":"http:\/\/staging.ibermusicas.org\/index.php\/wp-json\/wp\/v2\/posts\/6593","targetHints":{"allow":["GET"]}}],"collection":[{"href":"http:\/\/staging.ibermusicas.org\/index.php\/wp-json\/wp\/v2\/posts"}],"about":[{"href":"http:\/\/staging.ibermusicas.org\/index.php\/wp-json\/wp\/v2\/types\/post"}],"author":[{"embeddable":true,"href":"http:\/\/staging.ibermusicas.org\/index.php\/wp-json\/wp\/v2\/users\/1"}],"replies":[{"embeddable":true,"href":"http:\/\/staging.ibermusicas.org\/index.php\/wp-json\/wp\/v2\/comments?post=6593"}],"version-history":[{"count":1,"href":"http:\/\/staging.ibermusicas.org\/index.php\/wp-json\/wp\/v2\/posts\/6593\/revisions"}],"predecessor-version":[{"id":6595,"href":"http:\/\/staging.ibermusicas.org\/index.php\/wp-json\/wp\/v2\/posts\/6593\/revisions\/6595"}],"wp:featuredmedia":[{"embeddable":true,"href":"http:\/\/staging.ibermusicas.org\/index.php\/wp-json\/wp\/v2\/media\/6594"}],"wp:attachment":[{"href":"http:\/\/staging.ibermusicas.org\/index.php\/wp-json\/wp\/v2\/media?parent=6593"}],"wp:term":[{"taxonomy":"category","embeddable":true,"href":"http:\/\/staging.ibermusicas.org\/index.php\/wp-json\/wp\/v2\/categories?post=6593"},{"taxonomy":"post_tag","embeddable":true,"href":"http:\/\/staging.ibermusicas.org\/index.php\/wp-json\/wp\/v2\/tags?post=6593"}],"curies":[{"name":"wp","href":"https:\/\/api.w.org\/{rel}","templated":true}]}}