{"id":6596,"date":"2016-12-17T07:44:16","date_gmt":"2016-12-17T07:44:16","guid":{"rendered":"http:\/\/staging.ibermusicas.org\/?p=6596"},"modified":"2021-05-26T07:46:04","modified_gmt":"2021-05-26T07:46:04","slug":"se-publica-el-libro-de-las-memorias-del-1-coloquio-iberoamericano-sobre-investigacion-musical-ibermusicas-2015-3","status":"publish","type":"post","link":"http:\/\/staging.ibermusicas.org\/index.php\/se-publica-el-libro-de-las-memorias-del-1-coloquio-iberoamericano-sobre-investigacion-musical-ibermusicas-2015-3\/","title":{"rendered":"Se publica el libro de las memorias del 1\u00b0 Coloquio Iberoamericano sobre Investigaci\u00f3n musical Iberm\u00fasicas 2015"},"content":{"rendered":"<p>El Programa de Fomento de las M\u00fasicas Iberoamericanas, IBERM\u00daSICAS, inicia sus acciones de corte acad\u00e9mico en 2015 con el 1er. Coloquio sobre Investigaci\u00f3n Musical, realizado en la Ciudad de M\u00e9xico en el mes de octubre, en el que se presentaron las ponencias que dan pie a la presente edici\u00f3n.<\/p>\n","protected":false},"excerpt":{"rendered":"<p>El Programa de Fomento de las M\u00fasicas Iberoamericanas, IBERM\u00daSICAS, inicia sus acciones de corte acad\u00e9mico en 2015 con el 1er. Coloquio sobre Investigaci\u00f3n Musical, realizado en la Ciudad de M\u00e9xico en el mes de octubre, en el que se presentaron las ponencias que dan pie a la presente edici\u00f3n.<\/p>\n","protected":false},"author":1,"featured_media":6597,"comment_status":"closed","ping_status":"closed","sticky":false,"template":"","format":"standard","meta":{"footnotes":""},"categories":[53],"tags":[],"class_list":["post-6596","post","type-post","status-publish","format-standard","has-post-thumbnail","hentry","category-noticias-generales"],"lang":"es","translations":{"es":6596},"pll_sync_post":[],"post_mailing_queue_ids":[],"_links":{"self":[{"href":"http:\/\/staging.ibermusicas.org\/index.php\/wp-json\/wp\/v2\/posts\/6596","targetHints":{"allow":["GET"]}}],"collection":[{"href":"http:\/\/staging.ibermusicas.org\/index.php\/wp-json\/wp\/v2\/posts"}],"about":[{"href":"http:\/\/staging.ibermusicas.org\/index.php\/wp-json\/wp\/v2\/types\/post"}],"author":[{"embeddable":true,"href":"http:\/\/staging.ibermusicas.org\/index.php\/wp-json\/wp\/v2\/users\/1"}],"replies":[{"embeddable":true,"href":"http:\/\/staging.ibermusicas.org\/index.php\/wp-json\/wp\/v2\/comments?post=6596"}],"version-history":[{"count":1,"href":"http:\/\/staging.ibermusicas.org\/index.php\/wp-json\/wp\/v2\/posts\/6596\/revisions"}],"predecessor-version":[{"id":6598,"href":"http:\/\/staging.ibermusicas.org\/index.php\/wp-json\/wp\/v2\/posts\/6596\/revisions\/6598"}],"wp:featuredmedia":[{"embeddable":true,"href":"http:\/\/staging.ibermusicas.org\/index.php\/wp-json\/wp\/v2\/media\/6597"}],"wp:attachment":[{"href":"http:\/\/staging.ibermusicas.org\/index.php\/wp-json\/wp\/v2\/media?parent=6596"}],"wp:term":[{"taxonomy":"category","embeddable":true,"href":"http:\/\/staging.ibermusicas.org\/index.php\/wp-json\/wp\/v2\/categories?post=6596"},{"taxonomy":"post_tag","embeddable":true,"href":"http:\/\/staging.ibermusicas.org\/index.php\/wp-json\/wp\/v2\/tags?post=6596"}],"curies":[{"name":"wp","href":"https:\/\/api.w.org\/{rel}","templated":true}]}}