{"id":6632,"date":"2021-06-01T08:00:13","date_gmt":"2021-06-01T08:00:13","guid":{"rendered":"http:\/\/staging.ibermusicas.org\/?p=6632"},"modified":"2021-09-01T18:05:30","modified_gmt":"2021-09-01T18:05:30","slug":"ibermusicas-lanza-sus-convocatorias-2021-para-actividades-a-ser-realizadas-durante-2022","status":"publish","type":"post","link":"http:\/\/staging.ibermusicas.org\/index.php\/ibermusicas-lanza-sus-convocatorias-2021-para-actividades-a-ser-realizadas-durante-2022\/","title":{"rendered":"Iberm\u00fasicas lanza sus convocatorias 2021 para actividades a ser realizadas durante 2022"},"content":{"rendered":"<p>Reafirmando nuestro compromiso de dinamizar el espacio musical de toda la regi\u00f3n Iberoamericana mediante pol\u00edticas p\u00fablicas de fomento y apoyo a la actividad profesional de las y los artistas musicales, fomentando la creaci\u00f3n musical en todas sus formas, sin distinciones de estilos, g\u00e9neros y tradiciones y promoviendo la profesionalizaci\u00f3n, accesibilidad, inclusi\u00f3n y promoci\u00f3n de las m\u00fasicas iberoamericanas, Iberm\u00fasicas anuncia la apertura de sus convocatorias 2021.<\/p>\n<p>Para quienes hacemos Iberm\u00fasicas siempre es un motivo de alegr\u00eda el momento del lanzamiento de nuestras convocatorias y hoy lo es a\u00fan m\u00e1s, dado el dif\u00edcil momento por el que sigue atravesando el mundo en general y el sector musical en particular.\u00a0 En este sentido, buscamos acompa\u00f1ar y fortalecer los proyectos art\u00edsticos y culturales del sector musical iberoamericano con acciones tendientes a fomentar el mercado de trabajo de las m\u00fasicas y m\u00fasicos y del ecosistema musical en su conjunto.<\/p>\n<p><strong>Ayudas al Sector Musical en Modalidad Virtual 2021:<\/strong> tiene por objeto apoyar proyectos de realizaci\u00f3n virtual que fomenten la creaci\u00f3n, la presencia y el conocimiento de la diversidad musical iberoamericana; estimulen la formaci\u00f3n de nuevos p\u00fablicos en la regi\u00f3n; ampl\u00eden el mercado de trabajo de las y los profesionales del sector; y cuyas expresiones culturales contemplen la cooperaci\u00f3n iberoamericana. Se pueden presentar proyectos para:<\/p>\n<ul>\n<li>Procesos de formaci\u00f3n: clases maestras, talleres, cursos, capacitaciones<\/li>\n<li>Ciclos de conciertos<\/li>\n<li>Laboratorios y residencias de creaci\u00f3n virtuales<\/li>\n<li>Investigaci\u00f3n musical y desarrollo editorial regional<\/li>\n<li>Emprendimientos para el desarrollo de \u201ccorredores musicales internacionales\u201d &#8211; circuitos de salas de conciertos entre dos o varios pa\u00edses-<\/li>\n<li>Festivales<\/li>\n<li>Mercados y ferias<\/li>\n<li>Proyectos de tecnolog\u00eda e innovaci\u00f3n para la m\u00fasica<\/li>\n<li>Proyectos de sincronizaci\u00f3n para plataformas de videos juegos, cine, multimedia<\/li>\n<li>Grabaci\u00f3n de \u00e1lbum<\/li>\n<li>Experimentaci\u00f3n \/ Procesos de hibridaci\u00f3n<\/li>\n<li>Combinaci\u00f3n de las propuestas antes mencionadas<\/li>\n<li>Otros<\/li>\n<\/ul>\n<p>Abierto desde el 1ero de junio hasta el 1ero de octubre.\u00a0 Los proyectos ganadores ser\u00e1n anunciados el 1ero de diciembre.<\/p>\n<p><a href=\"http:\/\/staging.ibermusicas.org\/index.php\/convocatorias\/\">Inscripci\u00f3n aqu\u00ed<\/a><\/p>\n<p><strong>Premio Iberm\u00fasicas de Composici\u00f3n y Estreno de Obra 2021:<\/strong> \u00a0tiene como prop\u00f3sito impulsar y promover la creaci\u00f3n de m\u00fasica de concierto (acad\u00e9mica, erudita, experimental) incentivando estas actividades con plena libertad creativa. Hemos implementado un nuevo modo de participaci\u00f3n a fin de beneficiar no s\u00f3lo a las y los compositores sino tambi\u00e9n a las y los int\u00e9rpretes asegurando de este modo el estreno de todas las obras.<\/p>\n<p>Abierto desde el 1ero de junio hasta el 1ero de octubre. Las obras ganadoras ser\u00e1n anunciadas el 1ero de diciembre.<\/p>\n<p><a href=\"http:\/\/staging.ibermusicas.org\/index.php\/convocatorias\/\">Inscripci\u00f3n aqu\u00ed<\/a><\/p>\n<p><strong>Premio Iberm\u00fasicas de Creaci\u00f3n de Canciones, octava edici\u00f3n 2021:<\/strong> tiene como prop\u00f3sito impulsar y promover la creaci\u00f3n de m\u00fasica popular, incentivando estas actividades con plena libertad creativa. Es un concurso abierto a todos los estilos musicales. Se premiar\u00e1n tres canciones presentadas bajo seud\u00f3nimo por cada pa\u00eds miembro del Programa Iberm\u00fasicas. Con la intenci\u00f3n de favorecer a un mayor n\u00famero de artistas en un momento en el que el sector necesita de un apoyo a\u00fan m\u00e1s fuerte, replicamos la iniciativa del a\u00f1o anterior a fin de que sean premiados tres compositores o compositoras por cada uno de los pa\u00edses que integran el Programa. Adem\u00e1s, abrimos una nueva categor\u00eda en la que uno de los premios de cada pa\u00eds estar\u00e1 destinado a las \u201cNuevas Sonoridades Urbanas\u201d [Rap, Hip hop, Trap, Remix, R&amp;B, etc].<\/p>\n<p>Abierto desde el 1ero de junio hasta el 17 de septiembre. Las obras ganadoras ser\u00e1n anunciadas el d\u00eda 1ero de noviembre.<\/p>\n<p><a href=\"http:\/\/staging.ibermusicas.org\/index.php\/convocatorias\/\">Inscripci\u00f3n aqu\u00ed<\/a><\/p>\n","protected":false},"excerpt":{"rendered":"<p>Reafirmando nuestro compromiso de dinamizar el espacio musical de toda la regi\u00f3n Iberoamericana mediante pol\u00edticas p\u00fablicas de fomento y apoyo a la actividad profesional de las y los artistas musicales, fomentando la creaci\u00f3n musical en todas sus formas, sin distinciones de estilos, g\u00e9neros y tradiciones y promoviendo la profesionalizaci\u00f3n, accesibilidad, inclusi\u00f3n y promoci\u00f3n de las [&hellip;]<\/p>\n","protected":false},"author":1,"featured_media":6647,"comment_status":"closed","ping_status":"closed","sticky":false,"template":"","format":"standard","meta":{"footnotes":""},"categories":[53],"tags":[],"class_list":["post-6632","post","type-post","status-publish","format-standard","has-post-thumbnail","hentry","category-noticias-generales"],"lang":"es","translations":{"es":6632,"pt":6634},"pll_sync_post":[],"post_mailing_queue_ids":[],"_links":{"self":[{"href":"http:\/\/staging.ibermusicas.org\/index.php\/wp-json\/wp\/v2\/posts\/6632","targetHints":{"allow":["GET"]}}],"collection":[{"href":"http:\/\/staging.ibermusicas.org\/index.php\/wp-json\/wp\/v2\/posts"}],"about":[{"href":"http:\/\/staging.ibermusicas.org\/index.php\/wp-json\/wp\/v2\/types\/post"}],"author":[{"embeddable":true,"href":"http:\/\/staging.ibermusicas.org\/index.php\/wp-json\/wp\/v2\/users\/1"}],"replies":[{"embeddable":true,"href":"http:\/\/staging.ibermusicas.org\/index.php\/wp-json\/wp\/v2\/comments?post=6632"}],"version-history":[{"count":1,"href":"http:\/\/staging.ibermusicas.org\/index.php\/wp-json\/wp\/v2\/posts\/6632\/revisions"}],"predecessor-version":[{"id":6633,"href":"http:\/\/staging.ibermusicas.org\/index.php\/wp-json\/wp\/v2\/posts\/6632\/revisions\/6633"}],"wp:featuredmedia":[{"embeddable":true,"href":"http:\/\/staging.ibermusicas.org\/index.php\/wp-json\/wp\/v2\/media\/6647"}],"wp:attachment":[{"href":"http:\/\/staging.ibermusicas.org\/index.php\/wp-json\/wp\/v2\/media?parent=6632"}],"wp:term":[{"taxonomy":"category","embeddable":true,"href":"http:\/\/staging.ibermusicas.org\/index.php\/wp-json\/wp\/v2\/categories?post=6632"},{"taxonomy":"post_tag","embeddable":true,"href":"http:\/\/staging.ibermusicas.org\/index.php\/wp-json\/wp\/v2\/tags?post=6632"}],"curies":[{"name":"wp","href":"https:\/\/api.w.org\/{rel}","templated":true}]}}