{"id":6671,"date":"2021-06-01T17:55:11","date_gmt":"2021-06-01T17:55:11","guid":{"rendered":"http:\/\/staging.ibermusicas.org\/?p=6671"},"modified":"2021-07-05T17:46:44","modified_gmt":"2021-07-05T17:46:44","slug":"belen-pasqualini-de-argentina-y-patricia-vlieg-de-panama-inician-su-taller-on-line-tecnicas-y-lenguajes-de-interpretacion-actoral-y-musical","status":"publish","type":"post","link":"http:\/\/staging.ibermusicas.org\/index.php\/belen-pasqualini-de-argentina-y-patricia-vlieg-de-panama-inician-su-taller-on-line-tecnicas-y-lenguajes-de-interpretacion-actoral-y-musical\/","title":{"rendered":"Bel\u00e9n Pasqualini de Argentina y Patricia Vlieg de Panam\u00e1 inician su taller on line \u201cT\u00e9cnicas y Lenguajes de Interpretaci\u00f3n Actoral y Musical\u201d"},"content":{"rendered":"<p>El taller explorar\u00e1, a lo largo de diez encuentros de una hora y media cada una, la relaci\u00f3n entre m\u00fasica y actuaci\u00f3n y los procesos mediante los cuales se desarrolla un personaje o int\u00e9rprete. Enfatiza en los puntos de intersecci\u00f3n entre las disciplinas musicales y actorales, proponiendo un plan de estudio que combina la t\u00e9cnica externa con la conceptualizaci\u00f3n del trabajo de creaci\u00f3n e investigaci\u00f3n interna para potenciar las capacidades comunicativas de los y las participantes.<\/p>\n<p>Los encuentros se desarrollar\u00e1n desde el 30 de junio hasta 1ero de septiembre.<\/p>\n<p>En este primer encuentro abordar\u00e1n el tema de la voz como un todo intangible. El actor\/actriz como un atleta del coraz\u00f3n. Presentar\u00e1n la visi\u00f3n del actor\/actriz como un ser en escena con noci\u00f3n de su voz y su cuerpo con un tempo determinado, en donde dicho tempo ritmo dicta al actor\/actriz el tono de interpretaci\u00f3n. Se explorar\u00e1 el concepto de voz propia y la conciencia de la voz como instrumento en su sentido metaf\u00f3rico y literal y la respiraci\u00f3n como elemento clave en su desarrollo.<\/p>\n<p>Bel\u00e9m Pasqualini es actriz, cantante, compositora, escritora, pianista y directora. Recientemente, ha sido una de las cinco ganadoras de la Beca Fulbright\/Fondo Nacional de las Artes, que le permiti\u00f3 perfeccionar su t\u00e9cnica de actuaci\u00f3n en el prestigioso Lee Strasberg Theater and Film Institute de New York City. Licenciada en Artes Dram\u00e1ticas (U.N.A.), estudi\u00f3 paralelamente con Ricardo Bart\u00eds, Cristina Banegas y Raquel Sokolowicz. Vocalmente, se form\u00f3 con Susana Rossi, Roxana Amed, Florencia Carchak y Marcelo Velasco Vidal. Estudi\u00f3 piano con Nicol\u00e1s Ospina, Rodrigo N\u00fa\u00f1ez, Jos\u00e9 Tambutti, Ivan Knees; y dramaturgia, con Andr\u00e9s Binetti. Ha trabajado en espect\u00e1culos de la m\u00e1s reconocida cartelera teatral argentina. Como actriz, obtuvo el PREMIO A.C.E. REVELACION FEMENINA por su rol de mendiga en Sweeney Todd. Su unipersonal Christiane. Un bio-musical cient\u00edfico, gan\u00f3 3 PREMIOS HUGO (\u201cMejor Unipersonal\u201d, \u201cMejor libro de musical original\u201d, \u201cMejores letras de canciones\u201d y un PREMIO L.A.T.A. (\u00abMejor actriz de teatro vistante\u00bb, NYC, USA). En televisi\u00f3n en series producidas por Pol-k, as\u00ed como en El Monorriel de Topa (Disney Junior). Como cantautora ha grabado dos discos: Rulera en 2011 y Mudar en 2014.<\/p>\n<p>Patricia Vlieg es cantora multi-instrumentista, compositora, arreglista e investigadora musical. Licenciada en interpretaci\u00f3n vocal y arreglos de Berklee College of Music. Discograf\u00eda: Tus promesas (2003) Origen (2005), A una Cantora (2011) y Cabanga (2015). En su trabajo se hacen presentes la sofisticaci\u00f3n arm\u00f3nica y libertad improvisativa del jazz, la riqueza mel\u00f3dica, diversidad r\u00edtmica y profundidad po\u00e9tica de la m\u00fasica latinoamericana y la apertura a nuevas b\u00fasquedas, manteniendo siempre una visi\u00f3n musical ecl\u00e9ctica e integral. Se ha presentado en escenarios de Am\u00e9rica, Europa y Asia y ha realizado co-producciones con artistas de la talla de Lili\u00e1n Saba, Popi Spatocco y colaboraciones musicales con Paquito D\u2019Rivera, Berta Rojas, Lila Downs, Oscar Stagnaro, Mark Walker, Manuel Miranda, entre otros.<\/p>\n<p>Primer encuentro: mi\u00e9rcoles 30 de junio, 17:30 hs. (hora de Panam\u00e1), 15:30 hs. (hora de Argentina).<\/p>\n<p>Inscripciones\u00a0<a href=\"https:\/\/lt.mydplr.com\/f59f84c98788cf9e0d2e332e2f25e12d-81868bec073b3970fa62af291f12b42d\" target=\"_blank\" rel=\"noopener\" data-saferedirecturl=\"https:\/\/www.google.com\/url?q=https:\/\/lt.mydplr.com\/f59f84c98788cf9e0d2e332e2f25e12d-81868bec073b3970fa62af291f12b42d&amp;source=gmail&amp;ust=1622656364013000&amp;usg=AFQjCNEjLKFDO24wQdNS9oFmA0I04HBiUg\">aqu\u00ed<\/a><\/p>\n","protected":false},"excerpt":{"rendered":"<p>El taller explorar\u00e1, a lo largo de diez encuentros de una hora y media cada una, la relaci\u00f3n entre m\u00fasica y actuaci\u00f3n y los procesos mediante los cuales se desarrolla un personaje o int\u00e9rprete. Enfatiza en los puntos de intersecci\u00f3n entre las disciplinas musicales y actorales, proponiendo un plan de estudio que combina la t\u00e9cnica [&hellip;]<\/p>\n","protected":false},"author":1,"featured_media":6672,"comment_status":"closed","ping_status":"closed","sticky":false,"template":"","format":"standard","meta":{"footnotes":""},"categories":[53],"tags":[],"class_list":["post-6671","post","type-post","status-publish","format-standard","has-post-thumbnail","hentry","category-noticias-generales"],"lang":"es","translations":{"es":6671,"pt":6675},"pll_sync_post":[],"post_mailing_queue_ids":[],"_links":{"self":[{"href":"http:\/\/staging.ibermusicas.org\/index.php\/wp-json\/wp\/v2\/posts\/6671","targetHints":{"allow":["GET"]}}],"collection":[{"href":"http:\/\/staging.ibermusicas.org\/index.php\/wp-json\/wp\/v2\/posts"}],"about":[{"href":"http:\/\/staging.ibermusicas.org\/index.php\/wp-json\/wp\/v2\/types\/post"}],"author":[{"embeddable":true,"href":"http:\/\/staging.ibermusicas.org\/index.php\/wp-json\/wp\/v2\/users\/1"}],"replies":[{"embeddable":true,"href":"http:\/\/staging.ibermusicas.org\/index.php\/wp-json\/wp\/v2\/comments?post=6671"}],"version-history":[{"count":2,"href":"http:\/\/staging.ibermusicas.org\/index.php\/wp-json\/wp\/v2\/posts\/6671\/revisions"}],"predecessor-version":[{"id":6674,"href":"http:\/\/staging.ibermusicas.org\/index.php\/wp-json\/wp\/v2\/posts\/6671\/revisions\/6674"}],"wp:featuredmedia":[{"embeddable":true,"href":"http:\/\/staging.ibermusicas.org\/index.php\/wp-json\/wp\/v2\/media\/6672"}],"wp:attachment":[{"href":"http:\/\/staging.ibermusicas.org\/index.php\/wp-json\/wp\/v2\/media?parent=6671"}],"wp:term":[{"taxonomy":"category","embeddable":true,"href":"http:\/\/staging.ibermusicas.org\/index.php\/wp-json\/wp\/v2\/categories?post=6671"},{"taxonomy":"post_tag","embeddable":true,"href":"http:\/\/staging.ibermusicas.org\/index.php\/wp-json\/wp\/v2\/tags?post=6671"}],"curies":[{"name":"wp","href":"https:\/\/api.w.org\/{rel}","templated":true}]}}