{"id":6677,"date":"2021-06-01T18:12:50","date_gmt":"2021-06-01T18:12:50","guid":{"rendered":"http:\/\/staging.ibermusicas.org\/?p=6677"},"modified":"2021-07-05T17:46:30","modified_gmt":"2021-07-05T17:46:30","slug":"desde-quito-ecuador-llega-una-nueva-edicion-de-musica-ocupa-festival-de-musica-clasica-en-espacios-inusuales","status":"publish","type":"post","link":"http:\/\/staging.ibermusicas.org\/index.php\/desde-quito-ecuador-llega-una-nueva-edicion-de-musica-ocupa-festival-de-musica-clasica-en-espacios-inusuales\/","title":{"rendered":"Desde Quito, Ecuador, llega una nueva edici\u00f3n de M\u00fasica Ocupa, Festival de M\u00fasica Cl\u00e1sica en espacios Inusuales"},"content":{"rendered":"<p>Con Conversatorios, charlas did\u00e1cticas, mini-conciertos visuales, recorridos de barrios de Quito, conciertos en l\u00ednea y presenciales llega una nueva edici\u00f3n de M\u00fasica Ocupa, Festival de M\u00fasica Cl\u00e1sica en espacios Inusuales.<\/p>\n<p>Del 3 al 24 de junio. Quito, Ecuador<\/p>\n","protected":false},"excerpt":{"rendered":"<p>Con Conversatorios, charlas did\u00e1cticas, mini-conciertos visuales, recorridos de barrios de Quito, conciertos en l\u00ednea y presenciales llega una nueva edici\u00f3n de M\u00fasica Ocupa, Festival de M\u00fasica Cl\u00e1sica en espacios Inusuales. Del 3 al 24 de junio. Quito, Ecuador<\/p>\n","protected":false},"author":1,"featured_media":6678,"comment_status":"closed","ping_status":"closed","sticky":false,"template":"","format":"standard","meta":{"footnotes":""},"categories":[53],"tags":[],"class_list":["post-6677","post","type-post","status-publish","format-standard","has-post-thumbnail","hentry","category-noticias-generales"],"lang":"es","translations":{"es":6677,"pt":6680},"pll_sync_post":[],"post_mailing_queue_ids":[],"_links":{"self":[{"href":"http:\/\/staging.ibermusicas.org\/index.php\/wp-json\/wp\/v2\/posts\/6677","targetHints":{"allow":["GET"]}}],"collection":[{"href":"http:\/\/staging.ibermusicas.org\/index.php\/wp-json\/wp\/v2\/posts"}],"about":[{"href":"http:\/\/staging.ibermusicas.org\/index.php\/wp-json\/wp\/v2\/types\/post"}],"author":[{"embeddable":true,"href":"http:\/\/staging.ibermusicas.org\/index.php\/wp-json\/wp\/v2\/users\/1"}],"replies":[{"embeddable":true,"href":"http:\/\/staging.ibermusicas.org\/index.php\/wp-json\/wp\/v2\/comments?post=6677"}],"version-history":[{"count":1,"href":"http:\/\/staging.ibermusicas.org\/index.php\/wp-json\/wp\/v2\/posts\/6677\/revisions"}],"predecessor-version":[{"id":6679,"href":"http:\/\/staging.ibermusicas.org\/index.php\/wp-json\/wp\/v2\/posts\/6677\/revisions\/6679"}],"wp:featuredmedia":[{"embeddable":true,"href":"http:\/\/staging.ibermusicas.org\/index.php\/wp-json\/wp\/v2\/media\/6678"}],"wp:attachment":[{"href":"http:\/\/staging.ibermusicas.org\/index.php\/wp-json\/wp\/v2\/media?parent=6677"}],"wp:term":[{"taxonomy":"category","embeddable":true,"href":"http:\/\/staging.ibermusicas.org\/index.php\/wp-json\/wp\/v2\/categories?post=6677"},{"taxonomy":"post_tag","embeddable":true,"href":"http:\/\/staging.ibermusicas.org\/index.php\/wp-json\/wp\/v2\/tags?post=6677"}],"curies":[{"name":"wp","href":"https:\/\/api.w.org\/{rel}","templated":true}]}}