{"id":6680,"date":"2021-06-01T18:14:10","date_gmt":"2021-06-01T18:14:10","guid":{"rendered":"http:\/\/staging.ibermusicas.org\/?p=6680"},"modified":"2021-07-05T17:48:36","modified_gmt":"2021-07-05T17:48:36","slug":"de-quito-equador-chega-uma-nova-edicao-do-music-occupy-festival-de-musica-classica-em-espacos-incomuns","status":"publish","type":"post","link":"http:\/\/staging.ibermusicas.org\/index.php\/de-quito-equador-chega-uma-nova-edicao-do-music-occupy-festival-de-musica-classica-em-espacos-incomuns\/","title":{"rendered":"De Quito, Equador, chega uma nova edi\u00e7\u00e3o do Music Occupy, Festival de M\u00fasica Cl\u00e1ssica em Espa\u00e7os Incomuns"},"content":{"rendered":"<p>Com conversas, palestras did\u00e1ticas, mini-concertos visuais, passeios pelos bairros de Quito, shows online e presenciais chega uma nova edi\u00e7\u00e3o de M\u00fasica Ocupa, Festival de M\u00fasica Cl\u00e1ssica em Espa\u00e7os Inusitados.<\/p>\n<p>De 3 a 24 de junho. Quito, Equador<\/p>\n","protected":false},"excerpt":{"rendered":"<p>Com conversas, palestras did\u00e1ticas, mini-concertos visuais, passeios pelos bairros de Quito, shows online e presenciais chega uma nova edi\u00e7\u00e3o de M\u00fasica Ocupa, Festival de M\u00fasica Cl\u00e1ssica em Espa\u00e7os Inusitados. De 3 a 24 de junho. Quito, Equador<\/p>\n","protected":false},"author":1,"featured_media":6678,"comment_status":"closed","ping_status":"closed","sticky":false,"template":"","format":"standard","meta":{"footnotes":""},"categories":[218],"tags":[],"class_list":["post-6680","post","type-post","status-publish","format-standard","has-post-thumbnail","hentry","category-noticias-generales-pt"],"lang":"pt","translations":{"pt":6680,"es":6677},"pll_sync_post":[],"post_mailing_queue_ids":[],"_links":{"self":[{"href":"http:\/\/staging.ibermusicas.org\/index.php\/wp-json\/wp\/v2\/posts\/6680","targetHints":{"allow":["GET"]}}],"collection":[{"href":"http:\/\/staging.ibermusicas.org\/index.php\/wp-json\/wp\/v2\/posts"}],"about":[{"href":"http:\/\/staging.ibermusicas.org\/index.php\/wp-json\/wp\/v2\/types\/post"}],"author":[{"embeddable":true,"href":"http:\/\/staging.ibermusicas.org\/index.php\/wp-json\/wp\/v2\/users\/1"}],"replies":[{"embeddable":true,"href":"http:\/\/staging.ibermusicas.org\/index.php\/wp-json\/wp\/v2\/comments?post=6680"}],"version-history":[{"count":1,"href":"http:\/\/staging.ibermusicas.org\/index.php\/wp-json\/wp\/v2\/posts\/6680\/revisions"}],"predecessor-version":[{"id":6681,"href":"http:\/\/staging.ibermusicas.org\/index.php\/wp-json\/wp\/v2\/posts\/6680\/revisions\/6681"}],"wp:featuredmedia":[{"embeddable":true,"href":"http:\/\/staging.ibermusicas.org\/index.php\/wp-json\/wp\/v2\/media\/6678"}],"wp:attachment":[{"href":"http:\/\/staging.ibermusicas.org\/index.php\/wp-json\/wp\/v2\/media?parent=6680"}],"wp:term":[{"taxonomy":"category","embeddable":true,"href":"http:\/\/staging.ibermusicas.org\/index.php\/wp-json\/wp\/v2\/categories?post=6680"},{"taxonomy":"post_tag","embeddable":true,"href":"http:\/\/staging.ibermusicas.org\/index.php\/wp-json\/wp\/v2\/tags?post=6680"}],"curies":[{"name":"wp","href":"https:\/\/api.w.org\/{rel}","templated":true}]}}