{"id":6682,"date":"2021-06-01T18:23:07","date_gmt":"2021-06-01T18:23:07","guid":{"rendered":"http:\/\/staging.ibermusicas.org\/?p=6682"},"modified":"2021-07-05T17:46:36","modified_gmt":"2021-07-05T17:46:36","slug":"desde-paraguay-llega-la-primera-edicion-del-festival-jazz-sudaca","status":"publish","type":"post","link":"http:\/\/staging.ibermusicas.org\/index.php\/desde-paraguay-llega-la-primera-edicion-del-festival-jazz-sudaca\/","title":{"rendered":"Desde Paraguay llega la primera edici\u00f3n del Festival Jazz Sudaca"},"content":{"rendered":"<p>Con la presencia de la compositora, arregladora y multi-instrumentista Carol Panesi (Brasil) y el destacado guitarrista y compositor Fabio Leal (Brasil) se inaugura la primera edici\u00f3n del Festival Jazz Sudaca.<\/p>\n<p>Carol Panesi tiene larga trayectoria en la m\u00fasica brasile\u00f1a, en especial la \u201cm\u00fasica universal\u201d, t\u00e9rmino creado por el gran Hermeto Pascoal para definir su manera de pensar y hacer m\u00fasica. Estuvo por muchos a\u00f1os en las agrupaciones de Itiber\u00ea Zwarg, con quien aprendi\u00f3 los conceptos y el lenguaje de dicha m\u00fasica. En esta ocasi\u00f3n Carol estar\u00e1 realizando un taller virtual, abierto a todo p\u00fablico denominado \u201cLa creatividad en la improvisaci\u00f3n\u201d, as\u00ed mismo Fabio Leal tambi\u00e9n desarrollar\u00e1 un taller abordando \u201cRecursos de Improvisaci\u00f3n en el Samba\u201d.<\/p>\n<p>Posterior a los talleres se transmitir\u00e1 un concierto pregrabado exclusivo del d\u00fao brasilero Carol Panesi y Fabio Leal.<\/p>\n<p>El festival Jazz Sudaca, pretende valorizar el lenguaje musical sudamericano, propiciando un ambiente receptivo al crecimiento de propuestas de m\u00fasica popular de alta elaboraci\u00f3n creativa. Adem\u00e1s, propone dar espacio a las m\u00fasicas m\u00e1s aut\u00f3ctonas como las que responden a revisiones modernas y personales del repertorio popular del continente sudamericano. Esta 1era edici\u00f3n se presentar\u00e1 de manera virtual el d\u00eda 4 de junio con la presentaci\u00f3n de talleres y conciertos de artistas internacionales y el 5 de junio se presentar\u00e1n varios artistas de la escena local paraguaya.<\/p>\n<p>Viernes 4 de junio y s\u00e1bado 5 de junio desde las plataformas digitales del Centro Cultural Juan De Salazar<\/p>\n","protected":false},"excerpt":{"rendered":"<p>Con la presencia de la compositora, arregladora y multi-instrumentista Carol Panesi (Brasil) y el destacado guitarrista y compositor Fabio Leal (Brasil) se inaugura la primera edici\u00f3n del Festival Jazz Sudaca. Carol Panesi tiene larga trayectoria en la m\u00fasica brasile\u00f1a, en especial la \u201cm\u00fasica universal\u201d, t\u00e9rmino creado por el gran Hermeto Pascoal para definir su manera [&hellip;]<\/p>\n","protected":false},"author":1,"featured_media":6683,"comment_status":"closed","ping_status":"closed","sticky":false,"template":"","format":"standard","meta":{"footnotes":""},"categories":[53],"tags":[],"class_list":["post-6682","post","type-post","status-publish","format-standard","has-post-thumbnail","hentry","category-noticias-generales"],"lang":"es","translations":{"es":6682,"pt":6685},"pll_sync_post":[],"post_mailing_queue_ids":[],"_links":{"self":[{"href":"http:\/\/staging.ibermusicas.org\/index.php\/wp-json\/wp\/v2\/posts\/6682","targetHints":{"allow":["GET"]}}],"collection":[{"href":"http:\/\/staging.ibermusicas.org\/index.php\/wp-json\/wp\/v2\/posts"}],"about":[{"href":"http:\/\/staging.ibermusicas.org\/index.php\/wp-json\/wp\/v2\/types\/post"}],"author":[{"embeddable":true,"href":"http:\/\/staging.ibermusicas.org\/index.php\/wp-json\/wp\/v2\/users\/1"}],"replies":[{"embeddable":true,"href":"http:\/\/staging.ibermusicas.org\/index.php\/wp-json\/wp\/v2\/comments?post=6682"}],"version-history":[{"count":1,"href":"http:\/\/staging.ibermusicas.org\/index.php\/wp-json\/wp\/v2\/posts\/6682\/revisions"}],"predecessor-version":[{"id":6684,"href":"http:\/\/staging.ibermusicas.org\/index.php\/wp-json\/wp\/v2\/posts\/6682\/revisions\/6684"}],"wp:featuredmedia":[{"embeddable":true,"href":"http:\/\/staging.ibermusicas.org\/index.php\/wp-json\/wp\/v2\/media\/6683"}],"wp:attachment":[{"href":"http:\/\/staging.ibermusicas.org\/index.php\/wp-json\/wp\/v2\/media?parent=6682"}],"wp:term":[{"taxonomy":"category","embeddable":true,"href":"http:\/\/staging.ibermusicas.org\/index.php\/wp-json\/wp\/v2\/categories?post=6682"},{"taxonomy":"post_tag","embeddable":true,"href":"http:\/\/staging.ibermusicas.org\/index.php\/wp-json\/wp\/v2\/tags?post=6682"}],"curies":[{"name":"wp","href":"https:\/\/api.w.org\/{rel}","templated":true}]}}