{"id":6685,"date":"2021-06-01T18:24:22","date_gmt":"2021-06-01T18:24:22","guid":{"rendered":"http:\/\/staging.ibermusicas.org\/?p=6685"},"modified":"2021-07-05T17:48:29","modified_gmt":"2021-07-05T17:48:29","slug":"a-primeira-edicao-do-sudaca-jazz-festival-chega-do-paraguai","status":"publish","type":"post","link":"http:\/\/staging.ibermusicas.org\/index.php\/a-primeira-edicao-do-sudaca-jazz-festival-chega-do-paraguai\/","title":{"rendered":"A primeira edi\u00e7\u00e3o do Sudaca Jazz Festival chega do Paraguai"},"content":{"rendered":"<p>Com a presen\u00e7a da compositora, arranjadora e multi-instrumentista Carol Panesi (Brasil) e do destacado violonista e compositor Fabio Leal (Brasil), \u00e9 inaugurada a primeira edi\u00e7\u00e3o do Festival Jazz Sudaca.<\/p>\n<p>Carol Panesi tem uma longa trajet\u00f3ria na m\u00fasica brasileira, principalmente na \u201cuniversal music\u201d, termo criado pelo grande Hermeto Pascoal para definir sua forma de pensar e fazer m\u00fasica. Esteve por muitos anos nos grupos de Itiber\u00ea Zwarg, com quem aprendeu os conceitos e a linguagem dessa m\u00fasica. Nesta ocasi\u00e3o a Carol estar\u00e1 conduzindo uma oficina virtual, aberta ao p\u00fablico em geral denominada \u201cCriatividade na improvisa\u00e7\u00e3o\u201d, da mesma forma que Fabio Leal tamb\u00e9m desenvolver\u00e1 um workshop sobre \u201cRecursos de Improvisa\u00e7\u00e3o no Samba\u201d.<\/p>\n<p>Ap\u00f3s das oficinas, ser\u00e1 transmitido um show pr\u00e9-gravado pela dupla brasileira Carol Panesi e Fabio Leal.<\/p>\n<p>O festival Jazz Sudaca tem como objetivo valorizar a linguagem musical sul-americana, promovendo um ambiente receptivo ao crescimento de propostas de m\u00fasica popular altamente criativas. Al\u00e9m disso, se prop\u00f5e a dar espa\u00e7o \u00e0 m\u00fasicas de raiz, como aquela que responde \u00e0s revis\u00f5es modernas e pessoais do repert\u00f3rio popular do continente sul-americano. Esta 1\u00aa edi\u00e7\u00e3o ser\u00e1 apresentada virtualmente no dia 4 de junho com a apresenta\u00e7\u00e3o das oficinas e concertos de artistas internacionais e no dia 5 de junho diversos artistas da cena paraguaia local.<\/p>\n<p>Sexta-feira, 4 de junho e s\u00e1bado, 5 de junho nas plataformas digitais do Centro Cultural Juan De Salazar<\/p>\n","protected":false},"excerpt":{"rendered":"<p>Com a presen\u00e7a da compositora, arranjadora e multi-instrumentista Carol Panesi (Brasil) e do destacado violonista e compositor Fabio Leal (Brasil), \u00e9 inaugurada a primeira edi\u00e7\u00e3o do Festival Jazz Sudaca. Carol Panesi tem uma longa trajet\u00f3ria na m\u00fasica brasileira, principalmente na \u201cuniversal music\u201d, termo criado pelo grande Hermeto Pascoal para definir sua forma de pensar e [&hellip;]<\/p>\n","protected":false},"author":1,"featured_media":6683,"comment_status":"closed","ping_status":"closed","sticky":false,"template":"","format":"standard","meta":{"footnotes":""},"categories":[218],"tags":[],"class_list":["post-6685","post","type-post","status-publish","format-standard","has-post-thumbnail","hentry","category-noticias-generales-pt"],"lang":"pt","translations":{"pt":6685,"es":6682},"pll_sync_post":[],"post_mailing_queue_ids":[],"_links":{"self":[{"href":"http:\/\/staging.ibermusicas.org\/index.php\/wp-json\/wp\/v2\/posts\/6685","targetHints":{"allow":["GET"]}}],"collection":[{"href":"http:\/\/staging.ibermusicas.org\/index.php\/wp-json\/wp\/v2\/posts"}],"about":[{"href":"http:\/\/staging.ibermusicas.org\/index.php\/wp-json\/wp\/v2\/types\/post"}],"author":[{"embeddable":true,"href":"http:\/\/staging.ibermusicas.org\/index.php\/wp-json\/wp\/v2\/users\/1"}],"replies":[{"embeddable":true,"href":"http:\/\/staging.ibermusicas.org\/index.php\/wp-json\/wp\/v2\/comments?post=6685"}],"version-history":[{"count":1,"href":"http:\/\/staging.ibermusicas.org\/index.php\/wp-json\/wp\/v2\/posts\/6685\/revisions"}],"predecessor-version":[{"id":6686,"href":"http:\/\/staging.ibermusicas.org\/index.php\/wp-json\/wp\/v2\/posts\/6685\/revisions\/6686"}],"wp:featuredmedia":[{"embeddable":true,"href":"http:\/\/staging.ibermusicas.org\/index.php\/wp-json\/wp\/v2\/media\/6683"}],"wp:attachment":[{"href":"http:\/\/staging.ibermusicas.org\/index.php\/wp-json\/wp\/v2\/media?parent=6685"}],"wp:term":[{"taxonomy":"category","embeddable":true,"href":"http:\/\/staging.ibermusicas.org\/index.php\/wp-json\/wp\/v2\/categories?post=6685"},{"taxonomy":"post_tag","embeddable":true,"href":"http:\/\/staging.ibermusicas.org\/index.php\/wp-json\/wp\/v2\/tags?post=6685"}],"curies":[{"name":"wp","href":"https:\/\/api.w.org\/{rel}","templated":true}]}}