{"id":6688,"date":"2021-06-02T16:42:44","date_gmt":"2021-06-02T16:42:44","guid":{"rendered":"http:\/\/staging.ibermusicas.org\/?p=6688"},"modified":"2021-07-05T17:46:23","modified_gmt":"2021-07-05T17:46:23","slug":"desde-chile-llega-un-nuevo-encuentro-de-arrullos-de-infancia-y-juegos-ritmicos-de-latinoamerica-en-esta-ocasion-con-un-encuentro-en-torno-al-lando-afroperuano","status":"publish","type":"post","link":"http:\/\/staging.ibermusicas.org\/index.php\/desde-chile-llega-un-nuevo-encuentro-de-arrullos-de-infancia-y-juegos-ritmicos-de-latinoamerica-en-esta-ocasion-con-un-encuentro-en-torno-al-lando-afroperuano\/","title":{"rendered":"Desde Chile llega un nuevo encuentro de \u201cArrullos de infancia y juegos r\u00edtmicos de Latinoam\u00e9rica\u201d en esta ocasi\u00f3n con un encuentro en torno al Land\u00f3 Afroperuano"},"content":{"rendered":"<p>Con canciones tradicionales y versos de la oralidad, juegos r\u00edtmicos y percusi\u00f3n latinoamericana, historia y antropolog\u00eda musical, Hemiola M\u00fasicas, El Taller de Bater\u00eda y Percusi\u00f3n Latinoam\u00e9rica nos invita a ser parte de \u201cArrullos de infancia y juegos r\u00edtmicos de Latinoam\u00e9rica\u201d, 10 encuentros en torno a canciones de cuna, versos y ritmos de la tradici\u00f3n oral, especialmente seleccionados para la ocasi\u00f3n.<\/p>\n<p>El taller nos invita a vivenciar una selecci\u00f3n especial de canciones y versos en claves de ritmos latinoamericanos, destinadas a ser recibidas a modo de \u201carrullo\u201d de infancia, donde el trenzado de canto, la melod\u00eda y el ritmo propio de cada canci\u00f3n se vuelve soporte de cobijo, (auto) cuidado y seguridad tanto para sus destinatarios (ni\u00f1os) como para sus int\u00e9rpretes.<\/p>\n<p>Los Talleres se realizar\u00e1n a trav\u00e9s de la Plataforma Zoom y tendr\u00e1n una duraci\u00f3n aproximada de dos horas. Se tratar\u00e1 de diez encuentros en total comprendidos entre los meses de abril a diciembre con un cierre final. Cupos limitados.<\/p>\n<p>Inscripciones y Programa:\u00a0<a href=\"mailto:hemiolamusicas@gmail.com\" target=\"_blank\" rel=\"noopener\">hemiolamusicas@gmail.com<\/a>\u00a0Instagram: @hemiola.musicas @<a href=\"http:\/\/tallerdebateria.la\/\" target=\"_blank\" rel=\"noopener\" data-saferedirecturl=\"https:\/\/www.google.com\/url?q=http:\/\/tallerdebateria.la&amp;source=gmail&amp;ust=1622738309545000&amp;usg=AFQjCNHcYRTGyfqcAGCa4m6U5b-cxedZXA\">tallerdebateria.la<\/a><\/p>\n<p><a href=\"https:\/\/lt.mydplr.com\/34d061c297c3051f8a6fec2850494f98-81868bec073b3970fa62af291f12b42d\" target=\"_blank\" rel=\"noopener\" data-saferedirecturl=\"https:\/\/www.google.com\/url?q=https:\/\/lt.mydplr.com\/34d061c297c3051f8a6fec2850494f98-81868bec073b3970fa62af291f12b42d&amp;source=gmail&amp;ust=1622738309545000&amp;usg=AFQjCNHoQUmQKbAYr2SV0CX1W1Z9gV1MrQ\">Facebook<\/a><br \/>\nS\u00e1bado 26 de junio de 10 a 12 hs. (horario de Chile)<\/p>\n","protected":false},"excerpt":{"rendered":"<p>Con canciones tradicionales y versos de la oralidad, juegos r\u00edtmicos y percusi\u00f3n latinoamericana, historia y antropolog\u00eda musical, Hemiola M\u00fasicas, El Taller de Bater\u00eda y Percusi\u00f3n Latinoam\u00e9rica nos invita a ser parte de \u201cArrullos de infancia y juegos r\u00edtmicos de Latinoam\u00e9rica\u201d, 10 encuentros en torno a canciones de cuna, versos y ritmos de la tradici\u00f3n oral, [&hellip;]<\/p>\n","protected":false},"author":1,"featured_media":6689,"comment_status":"closed","ping_status":"closed","sticky":false,"template":"","format":"standard","meta":{"footnotes":""},"categories":[53],"tags":[],"class_list":["post-6688","post","type-post","status-publish","format-standard","has-post-thumbnail","hentry","category-noticias-generales"],"lang":"es","translations":{"es":6688,"pt":6691},"pll_sync_post":[],"post_mailing_queue_ids":[],"_links":{"self":[{"href":"http:\/\/staging.ibermusicas.org\/index.php\/wp-json\/wp\/v2\/posts\/6688","targetHints":{"allow":["GET"]}}],"collection":[{"href":"http:\/\/staging.ibermusicas.org\/index.php\/wp-json\/wp\/v2\/posts"}],"about":[{"href":"http:\/\/staging.ibermusicas.org\/index.php\/wp-json\/wp\/v2\/types\/post"}],"author":[{"embeddable":true,"href":"http:\/\/staging.ibermusicas.org\/index.php\/wp-json\/wp\/v2\/users\/1"}],"replies":[{"embeddable":true,"href":"http:\/\/staging.ibermusicas.org\/index.php\/wp-json\/wp\/v2\/comments?post=6688"}],"version-history":[{"count":1,"href":"http:\/\/staging.ibermusicas.org\/index.php\/wp-json\/wp\/v2\/posts\/6688\/revisions"}],"predecessor-version":[{"id":6690,"href":"http:\/\/staging.ibermusicas.org\/index.php\/wp-json\/wp\/v2\/posts\/6688\/revisions\/6690"}],"wp:featuredmedia":[{"embeddable":true,"href":"http:\/\/staging.ibermusicas.org\/index.php\/wp-json\/wp\/v2\/media\/6689"}],"wp:attachment":[{"href":"http:\/\/staging.ibermusicas.org\/index.php\/wp-json\/wp\/v2\/media?parent=6688"}],"wp:term":[{"taxonomy":"category","embeddable":true,"href":"http:\/\/staging.ibermusicas.org\/index.php\/wp-json\/wp\/v2\/categories?post=6688"},{"taxonomy":"post_tag","embeddable":true,"href":"http:\/\/staging.ibermusicas.org\/index.php\/wp-json\/wp\/v2\/tags?post=6688"}],"curies":[{"name":"wp","href":"https:\/\/api.w.org\/{rel}","templated":true}]}}