{"id":6691,"date":"2021-06-02T16:44:11","date_gmt":"2021-06-02T16:44:11","guid":{"rendered":"http:\/\/staging.ibermusicas.org\/?p=6691"},"modified":"2021-07-05T17:48:23","modified_gmt":"2021-07-05T17:48:23","slug":"do-chile-chega-um-novo-encontro-de-cancoes-de-ninar-e-jogos-ritmicos-da-infancia-da-america-latina-nesta-ocasiao-com-um-encontro-em-torno-do-lando-afro-peruanos","status":"publish","type":"post","link":"http:\/\/staging.ibermusicas.org\/index.php\/do-chile-chega-um-novo-encontro-de-cancoes-de-ninar-e-jogos-ritmicos-da-infancia-da-america-latina-nesta-ocasiao-com-um-encontro-em-torno-do-lando-afro-peruanos\/","title":{"rendered":"Do Chile chega um novo encontro de \u00abCan\u00e7\u00f5es de ninar e jogos r\u00edtmicos da inf\u00e2ncia da Am\u00e9rica Latina\u00bb nesta ocasi\u00e3o com um encontro em torno do Land\u00f3 afro-peruanos"},"content":{"rendered":"<p>Com can\u00e7\u00f5es tradicionais e versos de oralidade, jogos r\u00edtmicos e percuss\u00e3o latino-americana, hist\u00f3ria e antropologia musical, Hemiola M\u00fasicas, Oficinas de Bateria e percuss\u00e3o nos convida a fazer parte das \u00abCan\u00e7\u00f5es de ninar e jogos r\u00edtmicos da inf\u00e2ncia da Am\u00e9rica Latina\u00bb, 10 encontros em torno de can\u00e7\u00f5es de ninar, versos e ritmos da tradi\u00e7\u00e3o oral, especialmente selecionados para a ocasi\u00e3o.<\/p>\n<p>A oficina nos convida a vivenciar uma sele\u00e7\u00e3o especial de can\u00e7\u00f5es e versos em tons de ritmos latino-americanos, destinadas a serem recebidas como uma \u201ccan\u00e7\u00e3o de ninar\u201d infantil, onde a can\u00e7\u00e3o tran\u00e7ada, melodia e ritmo de cada can\u00e7\u00e3o tornam-se suporte de abrigo, (auto) cuidado e seguran\u00e7a tanto para seus destinat\u00e1rios (crian\u00e7as) como para seus int\u00e9rpretes.<\/p>\n<p>As oficinas ser\u00e3o realizadas por meio da Plataforma Zoom e ter\u00e3o dura\u00e7\u00e3o aproximada de duas horas. Haver\u00e1 dez reuni\u00f5es no total entre os meses de abril a dezembro, com um encerramento final. Lugares limitados.<\/p>\n<p>Registro e programa:\u00a0<a href=\"mailto:hemiolamusicas@gmail.com\" target=\"_blank\" rel=\"noopener\">hemiolamusicas@gmail.com<\/a>\u00a0Instagram: @hemiola.musicas @<a href=\"http:\/\/tallerdebateria.la\/\" target=\"_blank\" rel=\"noopener\" data-saferedirecturl=\"https:\/\/www.google.com\/url?q=http:\/\/tallerdebateria.la&amp;source=gmail&amp;ust=1622738309545000&amp;usg=AFQjCNHcYRTGyfqcAGCa4m6U5b-cxedZXA\">tallerdebateria.la<\/a><\/p>\n<p><a href=\"https:\/\/lt.mydplr.com\/34d061c297c3051f8a6fec2850494f98-81868bec073b3970fa62af291f12b42d\" target=\"_blank\" rel=\"noopener\" data-saferedirecturl=\"https:\/\/www.google.com\/url?q=https:\/\/lt.mydplr.com\/34d061c297c3051f8a6fec2850494f98-81868bec073b3970fa62af291f12b42d&amp;source=gmail&amp;ust=1622738309545000&amp;usg=AFQjCNHoQUmQKbAYr2SV0CX1W1Z9gV1MrQ\">Facebook<\/a><br \/>\nS\u00e1bado, 26 de junho, das 10h \u00e0s 12h (Hora do Chile)<\/p>\n","protected":false},"excerpt":{"rendered":"<p>Com can\u00e7\u00f5es tradicionais e versos de oralidade, jogos r\u00edtmicos e percuss\u00e3o latino-americana, hist\u00f3ria e antropologia musical, Hemiola M\u00fasicas, Oficinas de Bateria e percuss\u00e3o nos convida a fazer parte das \u00abCan\u00e7\u00f5es de ninar e jogos r\u00edtmicos da inf\u00e2ncia da Am\u00e9rica Latina\u00bb, 10 encontros em torno de can\u00e7\u00f5es de ninar, versos e ritmos da tradi\u00e7\u00e3o oral, especialmente [&hellip;]<\/p>\n","protected":false},"author":1,"featured_media":6689,"comment_status":"closed","ping_status":"closed","sticky":false,"template":"","format":"standard","meta":{"footnotes":""},"categories":[218],"tags":[],"class_list":["post-6691","post","type-post","status-publish","format-standard","has-post-thumbnail","hentry","category-noticias-generales-pt"],"lang":"pt","translations":{"pt":6691,"es":6688},"pll_sync_post":[],"post_mailing_queue_ids":[],"_links":{"self":[{"href":"http:\/\/staging.ibermusicas.org\/index.php\/wp-json\/wp\/v2\/posts\/6691","targetHints":{"allow":["GET"]}}],"collection":[{"href":"http:\/\/staging.ibermusicas.org\/index.php\/wp-json\/wp\/v2\/posts"}],"about":[{"href":"http:\/\/staging.ibermusicas.org\/index.php\/wp-json\/wp\/v2\/types\/post"}],"author":[{"embeddable":true,"href":"http:\/\/staging.ibermusicas.org\/index.php\/wp-json\/wp\/v2\/users\/1"}],"replies":[{"embeddable":true,"href":"http:\/\/staging.ibermusicas.org\/index.php\/wp-json\/wp\/v2\/comments?post=6691"}],"version-history":[{"count":1,"href":"http:\/\/staging.ibermusicas.org\/index.php\/wp-json\/wp\/v2\/posts\/6691\/revisions"}],"predecessor-version":[{"id":6692,"href":"http:\/\/staging.ibermusicas.org\/index.php\/wp-json\/wp\/v2\/posts\/6691\/revisions\/6692"}],"wp:featuredmedia":[{"embeddable":true,"href":"http:\/\/staging.ibermusicas.org\/index.php\/wp-json\/wp\/v2\/media\/6689"}],"wp:attachment":[{"href":"http:\/\/staging.ibermusicas.org\/index.php\/wp-json\/wp\/v2\/media?parent=6691"}],"wp:term":[{"taxonomy":"category","embeddable":true,"href":"http:\/\/staging.ibermusicas.org\/index.php\/wp-json\/wp\/v2\/categories?post=6691"},{"taxonomy":"post_tag","embeddable":true,"href":"http:\/\/staging.ibermusicas.org\/index.php\/wp-json\/wp\/v2\/tags?post=6691"}],"curies":[{"name":"wp","href":"https:\/\/api.w.org\/{rel}","templated":true}]}}