{"id":6693,"date":"2021-06-02T16:45:48","date_gmt":"2021-06-02T16:45:48","guid":{"rendered":"http:\/\/staging.ibermusicas.org\/?p=6693"},"modified":"2021-07-05T17:46:16","modified_gmt":"2021-07-05T17:46:16","slug":"se-estrena-alas-y-libertad-la-cancion-de-sylvia-falcon-y-pepe-cespedes-a-modo-de-abrazo-latinoamericano-por-el-bicentenario-del-peru","status":"publish","type":"post","link":"http:\/\/staging.ibermusicas.org\/index.php\/se-estrena-alas-y-libertad-la-cancion-de-sylvia-falcon-y-pepe-cespedes-a-modo-de-abrazo-latinoamericano-por-el-bicentenario-del-peru\/","title":{"rendered":"Se estrena \u201cAlas y Libertad\u201d, la canci\u00f3n de Sylvia Falc\u00f3n y Pepe C\u00e9spedes a modo de abrazo latinoamericano por el bicentenario del Per\u00fa"},"content":{"rendered":"<p>La soprano Sylvia Falc\u00f3n y el pianista Pepe C\u00e9spedes, artistas ampliamente reconocidos por su invaluable contribuci\u00f3n a la cultura musical del Per\u00fa, se encuentran cercanos a estrenar una pieza musical con fervor patrio.<\/p>\n<p>La parihuana es el ave con la que so\u00f1\u00f3 el libertador San Mart\u00edn tras su desembarco en las costas de Paracas y de cuyos colores nace la albirroja bandera peruana. Inspirada en su fastuoso vuelo que remonta las lagunas alto andinas y el litoral, Sylvia Falc\u00f3n cre\u00f3 la letra de Alas y Libertad abrazando im\u00e1genes metaf\u00f3ricas que retratan el misticismo de la Pachamama, el conocimiento ancestral andino y la esperanza de un ma\u00f1ana mejor. Al maestro Pepe C\u00e9spedes le pertenece la composici\u00f3n musical. Se trata de una melod\u00eda con aires de tondero en la que tambi\u00e9n se puede percibir la convergencia con otros ritmos latinoamericanos como la chacarera argentina o la polka paraguaya.<\/p>\n<p>As\u00ed, como un abrazo latinoamericano al Per\u00fa, Alas y Libertad cuenta con la colaboraci\u00f3n de destacados m\u00fasicos como el percusionista Carlos Passegi (Argentina), el guitarrista Pedro Mart\u00ednez (Paraguay) y el saxofonista Kharlos Misajel (Per\u00fa).<\/p>\n<p>S\u00e1bado 26 de junio a trav\u00e9s de las plataformas digitales de Sylvia Falc\u00f3n y Pepe C\u00e9spedes<\/p>\n","protected":false},"excerpt":{"rendered":"<p>La soprano Sylvia Falc\u00f3n y el pianista Pepe C\u00e9spedes, artistas ampliamente reconocidos por su invaluable contribuci\u00f3n a la cultura musical del Per\u00fa, se encuentran cercanos a estrenar una pieza musical con fervor patrio. La parihuana es el ave con la que so\u00f1\u00f3 el libertador San Mart\u00edn tras su desembarco en las costas de Paracas y [&hellip;]<\/p>\n","protected":false},"author":1,"featured_media":6694,"comment_status":"closed","ping_status":"closed","sticky":false,"template":"","format":"standard","meta":{"footnotes":""},"categories":[53],"tags":[],"class_list":["post-6693","post","type-post","status-publish","format-standard","has-post-thumbnail","hentry","category-noticias-generales"],"lang":"es","translations":{"es":6693,"pt":6696},"pll_sync_post":[],"post_mailing_queue_ids":[],"_links":{"self":[{"href":"http:\/\/staging.ibermusicas.org\/index.php\/wp-json\/wp\/v2\/posts\/6693","targetHints":{"allow":["GET"]}}],"collection":[{"href":"http:\/\/staging.ibermusicas.org\/index.php\/wp-json\/wp\/v2\/posts"}],"about":[{"href":"http:\/\/staging.ibermusicas.org\/index.php\/wp-json\/wp\/v2\/types\/post"}],"author":[{"embeddable":true,"href":"http:\/\/staging.ibermusicas.org\/index.php\/wp-json\/wp\/v2\/users\/1"}],"replies":[{"embeddable":true,"href":"http:\/\/staging.ibermusicas.org\/index.php\/wp-json\/wp\/v2\/comments?post=6693"}],"version-history":[{"count":1,"href":"http:\/\/staging.ibermusicas.org\/index.php\/wp-json\/wp\/v2\/posts\/6693\/revisions"}],"predecessor-version":[{"id":6695,"href":"http:\/\/staging.ibermusicas.org\/index.php\/wp-json\/wp\/v2\/posts\/6693\/revisions\/6695"}],"wp:featuredmedia":[{"embeddable":true,"href":"http:\/\/staging.ibermusicas.org\/index.php\/wp-json\/wp\/v2\/media\/6694"}],"wp:attachment":[{"href":"http:\/\/staging.ibermusicas.org\/index.php\/wp-json\/wp\/v2\/media?parent=6693"}],"wp:term":[{"taxonomy":"category","embeddable":true,"href":"http:\/\/staging.ibermusicas.org\/index.php\/wp-json\/wp\/v2\/categories?post=6693"},{"taxonomy":"post_tag","embeddable":true,"href":"http:\/\/staging.ibermusicas.org\/index.php\/wp-json\/wp\/v2\/tags?post=6693"}],"curies":[{"name":"wp","href":"https:\/\/api.w.org\/{rel}","templated":true}]}}