{"id":6696,"date":"2021-06-02T16:47:24","date_gmt":"2021-06-02T16:47:24","guid":{"rendered":"http:\/\/staging.ibermusicas.org\/?p=6696"},"modified":"2021-07-05T17:48:17","modified_gmt":"2021-07-05T17:48:17","slug":"estreia-alas-y-libertad-cancao-de-sylvia-falcon-e-pepe-cespedes-como-um-abraco-latino-americano-pelo-bicentenario-do-peru","status":"publish","type":"post","link":"http:\/\/staging.ibermusicas.org\/index.php\/estreia-alas-y-libertad-cancao-de-sylvia-falcon-e-pepe-cespedes-como-um-abraco-latino-americano-pelo-bicentenario-do-peru\/","title":{"rendered":"Estreia \u00abAlas y Libertad\u00bb, can\u00e7\u00e3o de Sylvia Falc\u00f3n e Pepe C\u00e9spedes como um abra\u00e7o latino-americano pelo bicenten\u00e1rio do Peru"},"content":{"rendered":"<p>A soprano Sylvia Falc\u00f3n e o pianista Pepe C\u00e9spedes, artistas amplamente reconhecidos por sua inestim\u00e1vel contribui\u00e7\u00e3o \u00e0 cultura musical do Peru, est\u00e3o prestes a lan\u00e7ar uma pe\u00e7a musical com fervor nacional.<\/p>\n<p>Parihuana \u00e9 o p\u00e1ssaro com que o libertador San Mart\u00edn sonhou ao desembarcar na costa de Paracas e de cujas cores nasce a bandeira branca-vermelha do Peru. Sylvia Falc\u00f3n, inspirada por seu voo exuberante sobre as altas lagoas andinas e o litoral, criou a letra de Alas y Libertad abrangendo imagens metaf\u00f3ricas que retratam o misticismo da Pachamama, o conhecimento ancestral andino e a esperan\u00e7a de um amanh\u00e3 melhor. A composi\u00e7\u00e3o musical pertence ao maestro Pepe C\u00e9spedes. \u00c9 uma melodia com ar de tondero em que tamb\u00e9m se percebe a converg\u00eancia com outros ritmos latino-americanos como a chacarera argentina ou a polca paraguaia.<\/p>\n<p>Assim, como um abra\u00e7o latino-americano ao Peru, Alas y Libertad conta com a colabora\u00e7\u00e3o de m\u00fasicos de destaque como o percussionista Carlos Passegi (Argentina), o violonista Pedro Mart\u00ednez (Paraguai) e o saxofonista Kharlos Misajel (Peru).<\/p>\n<p>S\u00e1bado, 26 de junho atrav\u00e9s das plataformas digitais de Sylvia Falc\u00f3n e Pepe C\u00e9spedes<\/p>\n","protected":false},"excerpt":{"rendered":"<p>A soprano Sylvia Falc\u00f3n e o pianista Pepe C\u00e9spedes, artistas amplamente reconhecidos por sua inestim\u00e1vel contribui\u00e7\u00e3o \u00e0 cultura musical do Peru, est\u00e3o prestes a lan\u00e7ar uma pe\u00e7a musical com fervor nacional. Parihuana \u00e9 o p\u00e1ssaro com que o libertador San Mart\u00edn sonhou ao desembarcar na costa de Paracas e de cujas cores nasce a bandeira [&hellip;]<\/p>\n","protected":false},"author":1,"featured_media":6694,"comment_status":"closed","ping_status":"closed","sticky":false,"template":"","format":"standard","meta":{"footnotes":""},"categories":[218],"tags":[],"class_list":["post-6696","post","type-post","status-publish","format-standard","has-post-thumbnail","hentry","category-noticias-generales-pt"],"lang":"pt","translations":{"pt":6696,"es":6693},"pll_sync_post":[],"post_mailing_queue_ids":[],"_links":{"self":[{"href":"http:\/\/staging.ibermusicas.org\/index.php\/wp-json\/wp\/v2\/posts\/6696","targetHints":{"allow":["GET"]}}],"collection":[{"href":"http:\/\/staging.ibermusicas.org\/index.php\/wp-json\/wp\/v2\/posts"}],"about":[{"href":"http:\/\/staging.ibermusicas.org\/index.php\/wp-json\/wp\/v2\/types\/post"}],"author":[{"embeddable":true,"href":"http:\/\/staging.ibermusicas.org\/index.php\/wp-json\/wp\/v2\/users\/1"}],"replies":[{"embeddable":true,"href":"http:\/\/staging.ibermusicas.org\/index.php\/wp-json\/wp\/v2\/comments?post=6696"}],"version-history":[{"count":1,"href":"http:\/\/staging.ibermusicas.org\/index.php\/wp-json\/wp\/v2\/posts\/6696\/revisions"}],"predecessor-version":[{"id":6697,"href":"http:\/\/staging.ibermusicas.org\/index.php\/wp-json\/wp\/v2\/posts\/6696\/revisions\/6697"}],"wp:featuredmedia":[{"embeddable":true,"href":"http:\/\/staging.ibermusicas.org\/index.php\/wp-json\/wp\/v2\/media\/6694"}],"wp:attachment":[{"href":"http:\/\/staging.ibermusicas.org\/index.php\/wp-json\/wp\/v2\/media?parent=6696"}],"wp:term":[{"taxonomy":"category","embeddable":true,"href":"http:\/\/staging.ibermusicas.org\/index.php\/wp-json\/wp\/v2\/categories?post=6696"},{"taxonomy":"post_tag","embeddable":true,"href":"http:\/\/staging.ibermusicas.org\/index.php\/wp-json\/wp\/v2\/tags?post=6696"}],"curies":[{"name":"wp","href":"https:\/\/api.w.org\/{rel}","templated":true}]}}