{"id":6701,"date":"2021-06-02T16:55:41","date_gmt":"2021-06-02T16:55:41","guid":{"rendered":"http:\/\/staging.ibermusicas.org\/?p=6701"},"modified":"2021-07-05T17:48:11","modified_gmt":"2021-07-05T17:48:11","slug":"comecam-os-encontros-virtuais-cantame-de-ti-mulheres-criando-musica","status":"publish","type":"post","link":"http:\/\/staging.ibermusicas.org\/index.php\/comecam-os-encontros-virtuais-cantame-de-ti-mulheres-criando-musica\/","title":{"rendered":"Come\u00e7am os encontros virtuais \u00abC\u00e1ntame de Ti &#8211; Mulheres criando m\u00fasica\u00bb"},"content":{"rendered":"<p>Gabriela Bernal, cantora e compositora mexicana, Agustina Paz, cantora, compositora e pianista argentina e Cecilia Di Salvo, musicoterapeuta argentina, realizar\u00e3o \u00abC\u00e1ntame de ti\u00bb, um projeto que visa ensinar ao p\u00fablico a se conhecer, estimular a comunica\u00e7\u00e3o e expressar suas emo\u00e7\u00f5es atrav\u00e9s da m\u00fasica e can\u00e7\u00f5es. Consiste num ciclo de 8 oficinas\/palestras em modo virtual ministradas por tr\u00eas mulheres artistas profissionais da ind\u00fastria musical.<\/p>\n<p>Como atividade de encerramento, haver\u00e1 um show de Gabriela Bernal via streaming.<\/p>\n<p>Come\u00e7a em 24 de junho com uma reuni\u00e3o em torno de \u00abA can\u00e7\u00e3o e os 4 elementos\u00bb. Vai continuar todas as quintas-feiras at\u00e9 12 de agosto. Hor\u00e1rio: 16h30 (M\u00e9xico), 19h30 (Argentina)<\/p>\n","protected":false},"excerpt":{"rendered":"<p>Gabriela Bernal, cantora e compositora mexicana, Agustina Paz, cantora, compositora e pianista argentina e Cecilia Di Salvo, musicoterapeuta argentina, realizar\u00e3o \u00abC\u00e1ntame de ti\u00bb, um projeto que visa ensinar ao p\u00fablico a se conhecer, estimular a comunica\u00e7\u00e3o e expressar suas emo\u00e7\u00f5es atrav\u00e9s da m\u00fasica e can\u00e7\u00f5es. Consiste num ciclo de 8 oficinas\/palestras em modo virtual ministradas [&hellip;]<\/p>\n","protected":false},"author":1,"featured_media":6699,"comment_status":"closed","ping_status":"closed","sticky":false,"template":"","format":"standard","meta":{"footnotes":""},"categories":[218],"tags":[],"class_list":["post-6701","post","type-post","status-publish","format-standard","has-post-thumbnail","hentry","category-noticias-generales-pt"],"lang":"pt","translations":{"pt":6701,"es":6698},"pll_sync_post":[],"post_mailing_queue_ids":[],"_links":{"self":[{"href":"http:\/\/staging.ibermusicas.org\/index.php\/wp-json\/wp\/v2\/posts\/6701","targetHints":{"allow":["GET"]}}],"collection":[{"href":"http:\/\/staging.ibermusicas.org\/index.php\/wp-json\/wp\/v2\/posts"}],"about":[{"href":"http:\/\/staging.ibermusicas.org\/index.php\/wp-json\/wp\/v2\/types\/post"}],"author":[{"embeddable":true,"href":"http:\/\/staging.ibermusicas.org\/index.php\/wp-json\/wp\/v2\/users\/1"}],"replies":[{"embeddable":true,"href":"http:\/\/staging.ibermusicas.org\/index.php\/wp-json\/wp\/v2\/comments?post=6701"}],"version-history":[{"count":1,"href":"http:\/\/staging.ibermusicas.org\/index.php\/wp-json\/wp\/v2\/posts\/6701\/revisions"}],"predecessor-version":[{"id":6702,"href":"http:\/\/staging.ibermusicas.org\/index.php\/wp-json\/wp\/v2\/posts\/6701\/revisions\/6702"}],"wp:featuredmedia":[{"embeddable":true,"href":"http:\/\/staging.ibermusicas.org\/index.php\/wp-json\/wp\/v2\/media\/6699"}],"wp:attachment":[{"href":"http:\/\/staging.ibermusicas.org\/index.php\/wp-json\/wp\/v2\/media?parent=6701"}],"wp:term":[{"taxonomy":"category","embeddable":true,"href":"http:\/\/staging.ibermusicas.org\/index.php\/wp-json\/wp\/v2\/categories?post=6701"},{"taxonomy":"post_tag","embeddable":true,"href":"http:\/\/staging.ibermusicas.org\/index.php\/wp-json\/wp\/v2\/tags?post=6701"}],"curies":[{"name":"wp","href":"https:\/\/api.w.org\/{rel}","templated":true}]}}