{"id":6703,"date":"2021-06-02T17:06:52","date_gmt":"2021-06-02T17:06:52","guid":{"rendered":"http:\/\/staging.ibermusicas.org\/?p=6703"},"modified":"2021-07-05T17:46:02","modified_gmt":"2021-07-05T17:46:02","slug":"el-cmmas-de-mexico-continua-con-su-ciclo-perspectivas-sonoras-2021-2","status":"publish","type":"post","link":"http:\/\/staging.ibermusicas.org\/index.php\/el-cmmas-de-mexico-continua-con-su-ciclo-perspectivas-sonoras-2021-2\/","title":{"rendered":"El CMMAS de M\u00e9xico contin\u00faa con su ciclo Perspectivas Sonoras 2021"},"content":{"rendered":"<p>Perspectivas Sonoras 2021 es un ciclo de conciertos y conferencias que se desarrolla de abril a septiembre del a\u00f1o 2021 de forma virtual por el Centro Mexicano para la M\u00fasica y las Artes Sonoras, CMMAS.<\/p>\n<p>Desde la fundaci\u00f3n del Centro Mexicano para la M\u00fasica y las Artes Sonoras, CMMAS en 2006, se ha trabajado para contribuir al desarrollo musical y sonoro tanto en M\u00e9xico como a nivel internacional. A trav\u00e9s de sus programas de acci\u00f3n, fomenta la creaci\u00f3n, promociona y difunde la obra de artistas y creadores mexicanos y extranjeros, emergentes y con amplia trayectoria; provoca la formaci\u00f3n de p\u00fablicos a trav\u00e9s de programas para ni\u00f1os y j\u00f3venes y p\u00fablico en general y contribuye a la formaci\u00f3n especializada en temas actuales e indispensables para la creaci\u00f3n y desarrollo profesional.<\/p>\n<p>Perspectivas Sonoras contin\u00faa las actividades de difusi\u00f3n, promoci\u00f3n y fomento a la creaci\u00f3n de m\u00fasica y arte sonoro, presentando el trabajo de artistas latinoamericanos.<\/p>\n<p>El quinto concierto del ciclo \u00abPerspectivas Sonoras\u00bb presenta un concierto monogr\u00e1fico a cargo del compositor Pablo Silva, que lleva por t\u00edtulo \u201cIntrospectivo en remisi\u00f3n: silencios s\u00fabitos\u201d, que presenta obras tanto acusm\u00e1ticas como audiovisuales.<\/p>\n<p>El sexto concierto estar\u00e1 a cargo del \u00d3nix Ensamble que fuera fundado en 1995 por Alejandro Escuer con el fin de fomentar una visi\u00f3n de la m\u00fasica que sea incluyente y respetuosa de la diversidad cultural que vive el mundo contempor\u00e1neo, ofreciendo un panorama continental concentrado especialmente en la m\u00fasica de Am\u00e9rica, desde la Argentina hasta Canad\u00e1.<\/p>\n<p>El s\u00e9ptimo concierto del ciclo \u00abPerspectivas Sonoras\u00bb presenta un concierto\/presentaci\u00f3n de la m\u00e1s reciente producci\u00f3n discogr\u00e1fica del compositor Salvador Torr\u00e9: \u00abLibro-objeto-sonoro-visual: Obra Electro ac\u00fastica de Salvador Torr\u00e9, Vol.1 y Vol.2\u00bb. Salvador Torr\u00e9 es compositor, concertista y profesor de composici\u00f3n del Conservatorio Nacional de M\u00fasica de M\u00e9xico, doctorado por la Universidad Sorbona-Paris-VIII, es investigador doctoral en el Instituto de Investigaciones en Musicolog\u00eda de Paris.<\/p>\n<p>Concierto virtual Perspectivas Sonoras \/ 6. \u00d3nix Ensamble (M\u00e9xico). 18 de junio de 2021 20:00 hs. (horario de M\u00e9xico).<\/p>\n<p>Concierto virtual Perspectivas Sonoras \/ 7. Salvador Torr\u00e9 (M\u00e9xico). 25 de junio de 2021 20:00 hs. (horario de M\u00e9xico).<\/p>\n<p>Concierto virtual Perspectivas Sonoras \/ 5. Pablo Silva (M\u00e9xico). 4 de junio 2021 20:00 hs. (horario de M\u00e9xico).<\/p>\n<p>Transmitido por el canal de YouTube del CMMAS:\u00a0<a href=\"https:\/\/lt.mydplr.com\/90d8e11fffa0a16e42cebde744ba35c3-81868bec073b3970fa62af291f12b42d\" target=\"_blank\" rel=\"noopener\" data-saferedirecturl=\"https:\/\/www.google.com\/url?q=https:\/\/lt.mydplr.com\/90d8e11fffa0a16e42cebde744ba35c3-81868bec073b3970fa62af291f12b42d&amp;source=gmail&amp;ust=1622738309545000&amp;usg=AFQjCNE-zYSMX69kE7DK8KlYT9EOA6eq3A\">YouTube<\/a><\/p>\n","protected":false},"excerpt":{"rendered":"<p>Perspectivas Sonoras 2021 es un ciclo de conciertos y conferencias que se desarrolla de abril a septiembre del a\u00f1o 2021 de forma virtual por el Centro Mexicano para la M\u00fasica y las Artes Sonoras, CMMAS. Desde la fundaci\u00f3n del Centro Mexicano para la M\u00fasica y las Artes Sonoras, CMMAS en 2006, se ha trabajado para [&hellip;]<\/p>\n","protected":false},"author":1,"featured_media":6704,"comment_status":"closed","ping_status":"closed","sticky":false,"template":"","format":"standard","meta":{"footnotes":""},"categories":[53],"tags":[],"class_list":["post-6703","post","type-post","status-publish","format-standard","has-post-thumbnail","hentry","category-noticias-generales"],"lang":"es","translations":{"es":6703,"pt":6707},"pll_sync_post":[],"post_mailing_queue_ids":[],"_links":{"self":[{"href":"http:\/\/staging.ibermusicas.org\/index.php\/wp-json\/wp\/v2\/posts\/6703","targetHints":{"allow":["GET"]}}],"collection":[{"href":"http:\/\/staging.ibermusicas.org\/index.php\/wp-json\/wp\/v2\/posts"}],"about":[{"href":"http:\/\/staging.ibermusicas.org\/index.php\/wp-json\/wp\/v2\/types\/post"}],"author":[{"embeddable":true,"href":"http:\/\/staging.ibermusicas.org\/index.php\/wp-json\/wp\/v2\/users\/1"}],"replies":[{"embeddable":true,"href":"http:\/\/staging.ibermusicas.org\/index.php\/wp-json\/wp\/v2\/comments?post=6703"}],"version-history":[{"count":2,"href":"http:\/\/staging.ibermusicas.org\/index.php\/wp-json\/wp\/v2\/posts\/6703\/revisions"}],"predecessor-version":[{"id":6706,"href":"http:\/\/staging.ibermusicas.org\/index.php\/wp-json\/wp\/v2\/posts\/6703\/revisions\/6706"}],"wp:featuredmedia":[{"embeddable":true,"href":"http:\/\/staging.ibermusicas.org\/index.php\/wp-json\/wp\/v2\/media\/6704"}],"wp:attachment":[{"href":"http:\/\/staging.ibermusicas.org\/index.php\/wp-json\/wp\/v2\/media?parent=6703"}],"wp:term":[{"taxonomy":"category","embeddable":true,"href":"http:\/\/staging.ibermusicas.org\/index.php\/wp-json\/wp\/v2\/categories?post=6703"},{"taxonomy":"post_tag","embeddable":true,"href":"http:\/\/staging.ibermusicas.org\/index.php\/wp-json\/wp\/v2\/tags?post=6703"}],"curies":[{"name":"wp","href":"https:\/\/api.w.org\/{rel}","templated":true}]}}