{"id":6709,"date":"2021-06-02T17:09:57","date_gmt":"2021-06-02T17:09:57","guid":{"rendered":"http:\/\/staging.ibermusicas.org\/?p=6709"},"modified":"2021-07-05T17:45:54","modified_gmt":"2021-07-05T17:45:54","slug":"desde-cuba-llega-una-nueva-edicion-de-remolino-en-esta-edicion-con-un-capitulo-en-torno-a-la-obra-y-la-figura-del-trovador-ariel-barreiros","status":"publish","type":"post","link":"http:\/\/staging.ibermusicas.org\/index.php\/desde-cuba-llega-una-nueva-edicion-de-remolino-en-esta-edicion-con-un-capitulo-en-torno-a-la-obra-y-la-figura-del-trovador-ariel-barreiros\/","title":{"rendered":"Desde Cuba llega una nueva edici\u00f3n de \u201cRemolino\u201d, en esta edici\u00f3n con un cap\u00edtulo en torno a la obra y la figura del trovador Ariel Barreiros"},"content":{"rendered":"<p>Los hacedores de \u201cRemolino\u201d llegan en esta ocasi\u00f3n hasta el pueblo de Aguada de Pasajeros para traernos \u00abEl Centinela\u00bb, el sexto cap\u00edtulo de su programa que consiste en un encuentro con el trovador Ariel Barreiros.<\/p>\n<p>En palabras de Yordan Romero, realizador de \u201cRemolino\u201d y tambi\u00e9n \u00e9l mismo trovador: \u201cAriel: nos quedas demasiado cerca, como le quedas cerca a Santa Clara por montones de razones. Basta recordar el lejano Longina en que estrenaste Ni\u00f1a y tuviste que cantarlo decenas de veces, o el concierto en La Margarita Casallas de El Mejunje, acompa\u00f1ado de m\u00fasicos santaclare\u00f1os. Por momentos callabas para escuchar al p\u00fablico que te devolv\u00eda los textos de tus canciones en un susurro v\u00edvido. Queremos hallarte siempre junto a Alina y la canci\u00f3n, \u201cporque t\u00fa si naciste poeta y loco&#8230; Pero t\u00fa tranquilo, porque ahora mismo eres solo el centinela y\u2026 ojal\u00e1 cuando volvamos a poder mirar y se haya asentado el polvo, no hayas encontrado otra cosa m\u00e1s importante que hacer adem\u00e1s de tu oficio\u201d<\/p>\n<p>Cap\u00edtulo 6 \u201cEl centinela\u201d en\u00a0<a href=\"https:\/\/lt.mydplr.com\/14684bf90b4253ec7dc7d581d090bdc1-81868bec073b3970fa62af291f12b42d\" target=\"_blank\" rel=\"noopener\" data-saferedirecturl=\"https:\/\/www.google.com\/url?q=https:\/\/lt.mydplr.com\/14684bf90b4253ec7dc7d581d090bdc1-81868bec073b3970fa62af291f12b42d&amp;source=gmail&amp;ust=1622738309545000&amp;usg=AFQjCNFOwz5xrG6Wu2vemcn10BNERLObjw\">YouTube<\/a><\/p>\n","protected":false},"excerpt":{"rendered":"<p>Los hacedores de \u201cRemolino\u201d llegan en esta ocasi\u00f3n hasta el pueblo de Aguada de Pasajeros para traernos \u00abEl Centinela\u00bb, el sexto cap\u00edtulo de su programa que consiste en un encuentro con el trovador Ariel Barreiros. En palabras de Yordan Romero, realizador de \u201cRemolino\u201d y tambi\u00e9n \u00e9l mismo trovador: \u201cAriel: nos quedas demasiado cerca, como le [&hellip;]<\/p>\n","protected":false},"author":1,"featured_media":6710,"comment_status":"closed","ping_status":"closed","sticky":false,"template":"","format":"standard","meta":{"footnotes":""},"categories":[53],"tags":[],"class_list":["post-6709","post","type-post","status-publish","format-standard","has-post-thumbnail","hentry","category-noticias-generales"],"lang":"es","translations":{"es":6709,"pt":6712},"pll_sync_post":[],"post_mailing_queue_ids":[],"_links":{"self":[{"href":"http:\/\/staging.ibermusicas.org\/index.php\/wp-json\/wp\/v2\/posts\/6709","targetHints":{"allow":["GET"]}}],"collection":[{"href":"http:\/\/staging.ibermusicas.org\/index.php\/wp-json\/wp\/v2\/posts"}],"about":[{"href":"http:\/\/staging.ibermusicas.org\/index.php\/wp-json\/wp\/v2\/types\/post"}],"author":[{"embeddable":true,"href":"http:\/\/staging.ibermusicas.org\/index.php\/wp-json\/wp\/v2\/users\/1"}],"replies":[{"embeddable":true,"href":"http:\/\/staging.ibermusicas.org\/index.php\/wp-json\/wp\/v2\/comments?post=6709"}],"version-history":[{"count":1,"href":"http:\/\/staging.ibermusicas.org\/index.php\/wp-json\/wp\/v2\/posts\/6709\/revisions"}],"predecessor-version":[{"id":6711,"href":"http:\/\/staging.ibermusicas.org\/index.php\/wp-json\/wp\/v2\/posts\/6709\/revisions\/6711"}],"wp:featuredmedia":[{"embeddable":true,"href":"http:\/\/staging.ibermusicas.org\/index.php\/wp-json\/wp\/v2\/media\/6710"}],"wp:attachment":[{"href":"http:\/\/staging.ibermusicas.org\/index.php\/wp-json\/wp\/v2\/media?parent=6709"}],"wp:term":[{"taxonomy":"category","embeddable":true,"href":"http:\/\/staging.ibermusicas.org\/index.php\/wp-json\/wp\/v2\/categories?post=6709"},{"taxonomy":"post_tag","embeddable":true,"href":"http:\/\/staging.ibermusicas.org\/index.php\/wp-json\/wp\/v2\/tags?post=6709"}],"curies":[{"name":"wp","href":"https:\/\/api.w.org\/{rel}","templated":true}]}}