{"id":6714,"date":"2021-06-02T17:12:36","date_gmt":"2021-06-02T17:12:36","guid":{"rendered":"http:\/\/staging.ibermusicas.org\/?p=6714"},"modified":"2021-07-05T17:45:46","modified_gmt":"2021-07-05T17:45:46","slug":"desde-chile-flowrida-escuela-realizo-el-festival-virtual-5-fiesta-pensante","status":"publish","type":"post","link":"http:\/\/staging.ibermusicas.org\/index.php\/desde-chile-flowrida-escuela-realizo-el-festival-virtual-5-fiesta-pensante\/","title":{"rendered":"Desde Chile, Flowrida Escuela realiz\u00f3 el Festival virtual \u20185\u00b0 Fiesta Pensante\u2019"},"content":{"rendered":"<p>La Fiesta Pensante es un evento HipHop que realza los principios de unidad, aprendizaje y entretenimiento, a trav\u00e9s de talleres art\u00edsticos y conversatorios entre organizaciones y agentes culturales. Asimismo, brinda una plataforma de difusi\u00f3n para diversos artistas, fomentando la equidad de g\u00e9nero.<\/p>\n<p>Esta quinta edici\u00f3n se traslad\u00f3 a un formato virtual, con la finalidad de conectar con m\u00e1s personas a lo largo de Chile y el mundo, para disfrutar de una jornada cultural, con contenido audiovisual exclusivo de exponentes de la escena urbana local, videoclips, presentaciones de talleres, conversatorio con organizaciones HipHop de Latinoam\u00e9rica y Rap en vivo a cargo de integrantes del colectivo Flowrida Escuela.<\/p>\n<p>Cont\u00f3 con la participaci\u00f3n de Gloria Allel, R\u00fazica Flores &amp; Charly Humos, Deones is flying, Mundana, Viviana Mariana y Cabro Docmaz. Se llev\u00f3 a cabo el conversatorio \u201cHipHop, herramienta de lucha y transformaci\u00f3n\u201d con las organizaciones exponentes internacionales: Del Barrio pal Barrio (Per\u00fa), Elemento Ilegal (Colombia), El Tri\u00e1ngulo (Bolivia), M\u00e1s M\u00fasica Menos Balas (M\u00e9xico), Trocando Ideia (Brasil) y Flowrida Escuela (Chile).<\/p>\n<p>Ver\u00a0<a href=\"https:\/\/lt.mydplr.com\/7417384b3555c730b6ea3225843b203a-81868bec073b3970fa62af291f12b42d\" target=\"_blank\" rel=\"noopener\" data-saferedirecturl=\"https:\/\/www.google.com\/url?q=https:\/\/lt.mydplr.com\/7417384b3555c730b6ea3225843b203a-81868bec073b3970fa62af291f12b42d&amp;source=gmail&amp;ust=1622738309545000&amp;usg=AFQjCNGFLpGUZ0g8LATyItdlXbpnSJbr1g\">aqu\u00ed<\/a><\/p>\n","protected":false},"excerpt":{"rendered":"<p>La Fiesta Pensante es un evento HipHop que realza los principios de unidad, aprendizaje y entretenimiento, a trav\u00e9s de talleres art\u00edsticos y conversatorios entre organizaciones y agentes culturales. Asimismo, brinda una plataforma de difusi\u00f3n para diversos artistas, fomentando la equidad de g\u00e9nero. Esta quinta edici\u00f3n se traslad\u00f3 a un formato virtual, con la finalidad de [&hellip;]<\/p>\n","protected":false},"author":1,"featured_media":6715,"comment_status":"closed","ping_status":"closed","sticky":false,"template":"","format":"standard","meta":{"footnotes":""},"categories":[53],"tags":[],"class_list":["post-6714","post","type-post","status-publish","format-standard","has-post-thumbnail","hentry","category-noticias-generales"],"lang":"es","translations":{"es":6714,"pt":6717},"pll_sync_post":[],"post_mailing_queue_ids":[],"_links":{"self":[{"href":"http:\/\/staging.ibermusicas.org\/index.php\/wp-json\/wp\/v2\/posts\/6714","targetHints":{"allow":["GET"]}}],"collection":[{"href":"http:\/\/staging.ibermusicas.org\/index.php\/wp-json\/wp\/v2\/posts"}],"about":[{"href":"http:\/\/staging.ibermusicas.org\/index.php\/wp-json\/wp\/v2\/types\/post"}],"author":[{"embeddable":true,"href":"http:\/\/staging.ibermusicas.org\/index.php\/wp-json\/wp\/v2\/users\/1"}],"replies":[{"embeddable":true,"href":"http:\/\/staging.ibermusicas.org\/index.php\/wp-json\/wp\/v2\/comments?post=6714"}],"version-history":[{"count":1,"href":"http:\/\/staging.ibermusicas.org\/index.php\/wp-json\/wp\/v2\/posts\/6714\/revisions"}],"predecessor-version":[{"id":6716,"href":"http:\/\/staging.ibermusicas.org\/index.php\/wp-json\/wp\/v2\/posts\/6714\/revisions\/6716"}],"wp:featuredmedia":[{"embeddable":true,"href":"http:\/\/staging.ibermusicas.org\/index.php\/wp-json\/wp\/v2\/media\/6715"}],"wp:attachment":[{"href":"http:\/\/staging.ibermusicas.org\/index.php\/wp-json\/wp\/v2\/media?parent=6714"}],"wp:term":[{"taxonomy":"category","embeddable":true,"href":"http:\/\/staging.ibermusicas.org\/index.php\/wp-json\/wp\/v2\/categories?post=6714"},{"taxonomy":"post_tag","embeddable":true,"href":"http:\/\/staging.ibermusicas.org\/index.php\/wp-json\/wp\/v2\/tags?post=6714"}],"curies":[{"name":"wp","href":"https:\/\/api.w.org\/{rel}","templated":true}]}}