{"id":6717,"date":"2021-06-02T17:14:22","date_gmt":"2021-06-02T17:14:22","guid":{"rendered":"http:\/\/staging.ibermusicas.org\/?p=6717"},"modified":"2021-07-05T17:47:43","modified_gmt":"2021-07-05T17:47:43","slug":"do-chile-flowrida-escuela-realizou-o-festival-virtual-5-festa-pensante","status":"publish","type":"post","link":"http:\/\/staging.ibermusicas.org\/index.php\/do-chile-flowrida-escuela-realizou-o-festival-virtual-5-festa-pensante\/","title":{"rendered":"Do Chile, Flowrida Escuela realizou o Festival virtual \u201c5 \u00b0 Festa Pensante\u201d"},"content":{"rendered":"<p>A Festa Pensante \u00e9 um evento de HipHop que destaca os princ\u00edpios da unidade, aprendizagem e entretenimento, por meio de oficinas art\u00edsticas e de conversas entre organiza\u00e7\u00f5es e agentes culturais. Tamb\u00e9m fornece uma plataforma de divulga\u00e7\u00e3o para v\u00e1rios artistas, promovendo a igualdade de g\u00eanero.<\/p>\n<p>Esta quinta edi\u00e7\u00e3o passou para o formato virtual, a fim de se conectar com mais pessoas de todo o Chile e do mundo, para desfrutar de uma jornada cultural, com conte\u00fado audiovisual exclusivo de expoentes da cena urbana local, videoclipes, apresenta\u00e7\u00f5es as oficinas, conversas com Organiza\u00e7\u00f5es HipHop da Am\u00e9rica Latina e rap ao vivo de integrantes del colectivo Flowrida Escuela.<\/p>\n<p>Teve a participa\u00e7\u00e3o de Gloria Allel, R\u00fazica Flores &amp; Charly Humos, Deones is flying, Mundana, Viviana Mariana y Cabro Docmaz. Foi realizada a conversa \u201cHipHop, uma ferramenta de luta e transforma\u00e7\u00e3o\u201d com as organiza\u00e7\u00f5es expoentes internacionais: Del Barrio pal Barrio (Per\u00fa), Elemento Ilegal (Colombia), El Tri\u00e1ngulo (Bolivia), M\u00e1s M\u00fasica Menos Balas (M\u00e9xico), Trocando Ideia (Brasil) y Flowrida Escuela (Chile).<\/p>\n<p>Veja\u00a0<a href=\"https:\/\/lt.mydplr.com\/7417384b3555c730b6ea3225843b203a-81868bec073b3970fa62af291f12b42d\" target=\"_blank\" rel=\"noopener\" data-saferedirecturl=\"https:\/\/www.google.com\/url?q=https:\/\/lt.mydplr.com\/7417384b3555c730b6ea3225843b203a-81868bec073b3970fa62af291f12b42d&amp;source=gmail&amp;ust=1622738309545000&amp;usg=AFQjCNGFLpGUZ0g8LATyItdlXbpnSJbr1g\">aqui<\/a><\/p>\n","protected":false},"excerpt":{"rendered":"<p>A Festa Pensante \u00e9 um evento de HipHop que destaca os princ\u00edpios da unidade, aprendizagem e entretenimento, por meio de oficinas art\u00edsticas e de conversas entre organiza\u00e7\u00f5es e agentes culturais. Tamb\u00e9m fornece uma plataforma de divulga\u00e7\u00e3o para v\u00e1rios artistas, promovendo a igualdade de g\u00eanero. Esta quinta edi\u00e7\u00e3o passou para o formato virtual, a fim de [&hellip;]<\/p>\n","protected":false},"author":1,"featured_media":6715,"comment_status":"closed","ping_status":"closed","sticky":false,"template":"","format":"standard","meta":{"footnotes":""},"categories":[218],"tags":[],"class_list":["post-6717","post","type-post","status-publish","format-standard","has-post-thumbnail","hentry","category-noticias-generales-pt"],"lang":"pt","translations":{"pt":6717,"es":6714},"pll_sync_post":[],"post_mailing_queue_ids":[],"_links":{"self":[{"href":"http:\/\/staging.ibermusicas.org\/index.php\/wp-json\/wp\/v2\/posts\/6717","targetHints":{"allow":["GET"]}}],"collection":[{"href":"http:\/\/staging.ibermusicas.org\/index.php\/wp-json\/wp\/v2\/posts"}],"about":[{"href":"http:\/\/staging.ibermusicas.org\/index.php\/wp-json\/wp\/v2\/types\/post"}],"author":[{"embeddable":true,"href":"http:\/\/staging.ibermusicas.org\/index.php\/wp-json\/wp\/v2\/users\/1"}],"replies":[{"embeddable":true,"href":"http:\/\/staging.ibermusicas.org\/index.php\/wp-json\/wp\/v2\/comments?post=6717"}],"version-history":[{"count":1,"href":"http:\/\/staging.ibermusicas.org\/index.php\/wp-json\/wp\/v2\/posts\/6717\/revisions"}],"predecessor-version":[{"id":6718,"href":"http:\/\/staging.ibermusicas.org\/index.php\/wp-json\/wp\/v2\/posts\/6717\/revisions\/6718"}],"wp:featuredmedia":[{"embeddable":true,"href":"http:\/\/staging.ibermusicas.org\/index.php\/wp-json\/wp\/v2\/media\/6715"}],"wp:attachment":[{"href":"http:\/\/staging.ibermusicas.org\/index.php\/wp-json\/wp\/v2\/media?parent=6717"}],"wp:term":[{"taxonomy":"category","embeddable":true,"href":"http:\/\/staging.ibermusicas.org\/index.php\/wp-json\/wp\/v2\/categories?post=6717"},{"taxonomy":"post_tag","embeddable":true,"href":"http:\/\/staging.ibermusicas.org\/index.php\/wp-json\/wp\/v2\/tags?post=6717"}],"curies":[{"name":"wp","href":"https:\/\/api.w.org\/{rel}","templated":true}]}}