{"id":6719,"date":"2021-06-02T17:15:47","date_gmt":"2021-06-02T17:15:47","guid":{"rendered":"http:\/\/staging.ibermusicas.org\/?p=6719"},"modified":"2021-07-05T17:45:39","modified_gmt":"2021-07-05T17:45:39","slug":"continuan-las-emisiones-de-moon-live-sessions-de-chile","status":"publish","type":"post","link":"http:\/\/staging.ibermusicas.org\/index.php\/continuan-las-emisiones-de-moon-live-sessions-de-chile\/","title":{"rendered":"Contin\u00faan las emisiones de \u201cMoon Live Sessions\u201d de Chile"},"content":{"rendered":"<p>Moon Live Sessions propone un recorrido virtual por cada una de las regiones de Chile conociendo a sus m\u00fasicos, su apoyo a la acci\u00f3n pro ecolog\u00eda y su aporte a la madre tierra compartiendo con personas que promueven y fomentan la cultura de la regi\u00f3n. A su vez cada cap\u00edtulo contar\u00e1 con invitados especiales de M\u00e9xico.<\/p>\n<p>La regi\u00f3n invitada del mes de junio ser\u00e1 Los lagos, D\u00e9cima regi\u00f3n. Esta edici\u00f3n contar\u00e1 con la participaci\u00f3n especial, de Chile: Wicha\u00f1e, Chacay, Yih Capsule, Jackzolem y Mestiza La Musa y de M\u00e9xico: Soza y Aida Trevi\u00f1o.<\/p>\n<p>Mi\u00e9rcoles 30 de junio por FB Y YOUTUBE @amigosdesolar<\/p>\n","protected":false},"excerpt":{"rendered":"<p>Moon Live Sessions propone un recorrido virtual por cada una de las regiones de Chile conociendo a sus m\u00fasicos, su apoyo a la acci\u00f3n pro ecolog\u00eda y su aporte a la madre tierra compartiendo con personas que promueven y fomentan la cultura de la regi\u00f3n. A su vez cada cap\u00edtulo contar\u00e1 con invitados especiales de [&hellip;]<\/p>\n","protected":false},"author":1,"featured_media":6720,"comment_status":"closed","ping_status":"closed","sticky":false,"template":"","format":"standard","meta":{"footnotes":""},"categories":[53],"tags":[],"class_list":["post-6719","post","type-post","status-publish","format-standard","has-post-thumbnail","hentry","category-noticias-generales"],"lang":"es","translations":{"es":6719},"pll_sync_post":[],"post_mailing_queue_ids":[],"_links":{"self":[{"href":"http:\/\/staging.ibermusicas.org\/index.php\/wp-json\/wp\/v2\/posts\/6719","targetHints":{"allow":["GET"]}}],"collection":[{"href":"http:\/\/staging.ibermusicas.org\/index.php\/wp-json\/wp\/v2\/posts"}],"about":[{"href":"http:\/\/staging.ibermusicas.org\/index.php\/wp-json\/wp\/v2\/types\/post"}],"author":[{"embeddable":true,"href":"http:\/\/staging.ibermusicas.org\/index.php\/wp-json\/wp\/v2\/users\/1"}],"replies":[{"embeddable":true,"href":"http:\/\/staging.ibermusicas.org\/index.php\/wp-json\/wp\/v2\/comments?post=6719"}],"version-history":[{"count":1,"href":"http:\/\/staging.ibermusicas.org\/index.php\/wp-json\/wp\/v2\/posts\/6719\/revisions"}],"predecessor-version":[{"id":6721,"href":"http:\/\/staging.ibermusicas.org\/index.php\/wp-json\/wp\/v2\/posts\/6719\/revisions\/6721"}],"wp:featuredmedia":[{"embeddable":true,"href":"http:\/\/staging.ibermusicas.org\/index.php\/wp-json\/wp\/v2\/media\/6720"}],"wp:attachment":[{"href":"http:\/\/staging.ibermusicas.org\/index.php\/wp-json\/wp\/v2\/media?parent=6719"}],"wp:term":[{"taxonomy":"category","embeddable":true,"href":"http:\/\/staging.ibermusicas.org\/index.php\/wp-json\/wp\/v2\/categories?post=6719"},{"taxonomy":"post_tag","embeddable":true,"href":"http:\/\/staging.ibermusicas.org\/index.php\/wp-json\/wp\/v2\/tags?post=6719"}],"curies":[{"name":"wp","href":"https:\/\/api.w.org\/{rel}","templated":true}]}}