{"id":6722,"date":"2021-06-02T17:18:00","date_gmt":"2021-06-02T17:18:00","guid":{"rendered":"http:\/\/staging.ibermusicas.org\/?p=6722"},"modified":"2021-07-05T17:47:34","modified_gmt":"2021-07-05T17:47:34","slug":"as-transmissoes-das-moon-live-sessions-do-chile-continuam","status":"publish","type":"post","link":"http:\/\/staging.ibermusicas.org\/index.php\/as-transmissoes-das-moon-live-sessions-do-chile-continuam\/","title":{"rendered":"As transmiss\u00f5es das \u201cMoon Live Sessions\u201d do Chile continuam"},"content":{"rendered":"<p>Moon Live Sessions prop\u00f5e um tour virtual por cada uma das regi\u00f5es de Chile, encontrando seus m\u00fasicos, seu apoio \u00e0 a\u00e7\u00e3o pr\u00f3-ecologia e sua contribui\u00e7\u00e3o para a m\u00e3e terra, compartilhando com pessoas que promovem e fomentam a cultura da regi\u00e3o. Por sua vez, cada cap\u00edtulo ter\u00e1 convidados especiais do M\u00e9xico.<\/p>\n<p>A regi\u00e3o convidada para o m\u00eas de junho ser\u00e1 Los lagos, d\u00e9cima regi\u00e3o. Esta edi\u00e7\u00e3o contar\u00e1 com a participa\u00e7\u00e3o especial, do Chile: Wicha\u00f1e, Chacay, Yih Capsule, Jackzolem e Mestiza La Musa e do M\u00e9xico: Soza e Aida Trevi\u00f1o.<\/p>\n<p>Quarta-feira, 30 de junho no FB E no YOUTUBE @amigosdesolar<\/p>\n","protected":false},"excerpt":{"rendered":"<p>Moon Live Sessions prop\u00f5e um tour virtual por cada uma das regi\u00f5es de Chile, encontrando seus m\u00fasicos, seu apoio \u00e0 a\u00e7\u00e3o pr\u00f3-ecologia e sua contribui\u00e7\u00e3o para a m\u00e3e terra, compartilhando com pessoas que promovem e fomentam a cultura da regi\u00e3o. Por sua vez, cada cap\u00edtulo ter\u00e1 convidados especiais do M\u00e9xico. A regi\u00e3o convidada para o [&hellip;]<\/p>\n","protected":false},"author":1,"featured_media":6720,"comment_status":"closed","ping_status":"closed","sticky":false,"template":"","format":"standard","meta":{"footnotes":""},"categories":[218],"tags":[],"class_list":["post-6722","post","type-post","status-publish","format-standard","has-post-thumbnail","hentry","category-noticias-generales-pt"],"lang":"pt","translations":{"pt":6722},"pll_sync_post":[],"post_mailing_queue_ids":[],"_links":{"self":[{"href":"http:\/\/staging.ibermusicas.org\/index.php\/wp-json\/wp\/v2\/posts\/6722","targetHints":{"allow":["GET"]}}],"collection":[{"href":"http:\/\/staging.ibermusicas.org\/index.php\/wp-json\/wp\/v2\/posts"}],"about":[{"href":"http:\/\/staging.ibermusicas.org\/index.php\/wp-json\/wp\/v2\/types\/post"}],"author":[{"embeddable":true,"href":"http:\/\/staging.ibermusicas.org\/index.php\/wp-json\/wp\/v2\/users\/1"}],"replies":[{"embeddable":true,"href":"http:\/\/staging.ibermusicas.org\/index.php\/wp-json\/wp\/v2\/comments?post=6722"}],"version-history":[{"count":1,"href":"http:\/\/staging.ibermusicas.org\/index.php\/wp-json\/wp\/v2\/posts\/6722\/revisions"}],"predecessor-version":[{"id":6723,"href":"http:\/\/staging.ibermusicas.org\/index.php\/wp-json\/wp\/v2\/posts\/6722\/revisions\/6723"}],"wp:featuredmedia":[{"embeddable":true,"href":"http:\/\/staging.ibermusicas.org\/index.php\/wp-json\/wp\/v2\/media\/6720"}],"wp:attachment":[{"href":"http:\/\/staging.ibermusicas.org\/index.php\/wp-json\/wp\/v2\/media?parent=6722"}],"wp:term":[{"taxonomy":"category","embeddable":true,"href":"http:\/\/staging.ibermusicas.org\/index.php\/wp-json\/wp\/v2\/categories?post=6722"},{"taxonomy":"post_tag","embeddable":true,"href":"http:\/\/staging.ibermusicas.org\/index.php\/wp-json\/wp\/v2\/tags?post=6722"}],"curies":[{"name":"wp","href":"https:\/\/api.w.org\/{rel}","templated":true}]}}