{"id":6724,"date":"2021-06-02T17:19:30","date_gmt":"2021-06-02T17:19:30","guid":{"rendered":"http:\/\/staging.ibermusicas.org\/?p=6724"},"modified":"2021-07-05T17:45:30","modified_gmt":"2021-07-05T17:45:30","slug":"rocio-cano-valino-de-argentina-inicia-su-residencia-creativa-junto-al-duo-parcours-de-espana","status":"publish","type":"post","link":"http:\/\/staging.ibermusicas.org\/index.php\/rocio-cano-valino-de-argentina-inicia-su-residencia-creativa-junto-al-duo-parcours-de-espana\/","title":{"rendered":"Roc\u00edo Cano Vali\u00f1o de Argentina inicia su residencia creativa junto al D\u00fao Parcours de Espa\u00f1a"},"content":{"rendered":"<p>El D\u00fao Parcours y la compositora argentina Roc\u00edo Cano Vali\u00f1o realizaron un workshop en torno a la creaci\u00f3n sonora y las t\u00e9cnicas compositivas (instrumentales y electr\u00f3nicas) en la actualidad. En este workshop, estudiantes de la L&#8217;Escola d&#8217;Arts en Viu (de entre 12 a 19 a\u00f1os aproximadamente) participaron en el encuentro de intercambio de saberes impartido por la compositora y el d\u00fao. En este encuentro se realiz\u00f3 un trabajo de indagaci\u00f3n en t\u00e9cnicas instrumentales y compositivas mediante la utilizaci\u00f3n de diferentes herramientas, como la electr\u00f3nica en tiempo real, el acercamiento a notaciones no convencionales tales como las representaciones gr\u00e1ficas, vinculaciones sonoras entre lo ac\u00fastico y lo electr\u00f3nico a trav\u00e9s de elementos escritos e improvisaciones. A partir de esta tem\u00e1tica, se abordaron diferentes estrategias compositivas e interpretativas desde una mirada l\u00fadica y de intercambio.<\/p>\n<p>Con posterioridad al workshop comenz\u00f3 residencia con el d\u00fao Parcours a fin de dar comienzo a la creaci\u00f3n de la obra \u201c\u00c1tropos\u201d.<\/p>\n","protected":false},"excerpt":{"rendered":"<p>El D\u00fao Parcours y la compositora argentina Roc\u00edo Cano Vali\u00f1o realizaron un workshop en torno a la creaci\u00f3n sonora y las t\u00e9cnicas compositivas (instrumentales y electr\u00f3nicas) en la actualidad. En este workshop, estudiantes de la L&#8217;Escola d&#8217;Arts en Viu (de entre 12 a 19 a\u00f1os aproximadamente) participaron en el encuentro de intercambio de saberes impartido [&hellip;]<\/p>\n","protected":false},"author":1,"featured_media":6725,"comment_status":"closed","ping_status":"closed","sticky":false,"template":"","format":"standard","meta":{"footnotes":""},"categories":[53],"tags":[],"class_list":["post-6724","post","type-post","status-publish","format-standard","has-post-thumbnail","hentry","category-noticias-generales"],"lang":"es","translations":{"es":6724,"pt":6727},"pll_sync_post":[],"post_mailing_queue_ids":[],"_links":{"self":[{"href":"http:\/\/staging.ibermusicas.org\/index.php\/wp-json\/wp\/v2\/posts\/6724","targetHints":{"allow":["GET"]}}],"collection":[{"href":"http:\/\/staging.ibermusicas.org\/index.php\/wp-json\/wp\/v2\/posts"}],"about":[{"href":"http:\/\/staging.ibermusicas.org\/index.php\/wp-json\/wp\/v2\/types\/post"}],"author":[{"embeddable":true,"href":"http:\/\/staging.ibermusicas.org\/index.php\/wp-json\/wp\/v2\/users\/1"}],"replies":[{"embeddable":true,"href":"http:\/\/staging.ibermusicas.org\/index.php\/wp-json\/wp\/v2\/comments?post=6724"}],"version-history":[{"count":1,"href":"http:\/\/staging.ibermusicas.org\/index.php\/wp-json\/wp\/v2\/posts\/6724\/revisions"}],"predecessor-version":[{"id":6726,"href":"http:\/\/staging.ibermusicas.org\/index.php\/wp-json\/wp\/v2\/posts\/6724\/revisions\/6726"}],"wp:featuredmedia":[{"embeddable":true,"href":"http:\/\/staging.ibermusicas.org\/index.php\/wp-json\/wp\/v2\/media\/6725"}],"wp:attachment":[{"href":"http:\/\/staging.ibermusicas.org\/index.php\/wp-json\/wp\/v2\/media?parent=6724"}],"wp:term":[{"taxonomy":"category","embeddable":true,"href":"http:\/\/staging.ibermusicas.org\/index.php\/wp-json\/wp\/v2\/categories?post=6724"},{"taxonomy":"post_tag","embeddable":true,"href":"http:\/\/staging.ibermusicas.org\/index.php\/wp-json\/wp\/v2\/tags?post=6724"}],"curies":[{"name":"wp","href":"https:\/\/api.w.org\/{rel}","templated":true}]}}