{"id":6730,"date":"2021-06-02T17:24:13","date_gmt":"2021-06-02T17:24:13","guid":{"rendered":"http:\/\/staging.ibermusicas.org\/?p=6730"},"modified":"2021-07-05T17:45:22","modified_gmt":"2021-07-05T17:45:22","slug":"desde-colombia-se-realizo-una-nueva-emision-de-nuevas-ondas-radiales-para-la-infancia","status":"publish","type":"post","link":"http:\/\/staging.ibermusicas.org\/index.php\/desde-colombia-se-realizo-una-nueva-emision-de-nuevas-ondas-radiales-para-la-infancia\/","title":{"rendered":"Desde Colombia se realiz\u00f3 una nueva emisi\u00f3n de \u201cNuevas ondas radiales para la infancia\u201d"},"content":{"rendered":"<p>El Programa \u201cCon alma de ni\u00f1os\u201d dedic\u00f3 su reciente emisi\u00f3n a el d\u00fao \u201cSin cordones\u201d de la ciudad m\u00e1s austral del continente, Ushuaia, Provincia de Tierra del fuego, Argentina. \u201cSin cordones\u201d est\u00e1 integrado por Julieta Ontiverro y Leo Viturro. El programa gira entorno a la propuesta del \u00faltimo \u00e1lbum del d\u00fao que se llama \u00abCanciones desatadas\u201d.<\/p>\n<p>V\u00eda streaming\u00a0<a href=\"https:\/\/lt.mydplr.com\/33e6b9376c47014093feaebc7a2166c5-81868bec073b3970fa62af291f12b42d\" target=\"_blank\" rel=\"noopener\" data-saferedirecturl=\"https:\/\/www.google.com\/url?q=https:\/\/lt.mydplr.com\/33e6b9376c47014093feaebc7a2166c5-81868bec073b3970fa62af291f12b42d&amp;source=gmail&amp;ust=1622738309546000&amp;usg=AFQjCNHWYQYsiOboparSRmjsgZ_rjkQdiA\">aqu\u00ed<\/a><\/p>\n","protected":false},"excerpt":{"rendered":"<p>El Programa \u201cCon alma de ni\u00f1os\u201d dedic\u00f3 su reciente emisi\u00f3n a el d\u00fao \u201cSin cordones\u201d de la ciudad m\u00e1s austral del continente, Ushuaia, Provincia de Tierra del fuego, Argentina. \u201cSin cordones\u201d est\u00e1 integrado por Julieta Ontiverro y Leo Viturro. El programa gira entorno a la propuesta del \u00faltimo \u00e1lbum del d\u00fao que se llama \u00abCanciones [&hellip;]<\/p>\n","protected":false},"author":1,"featured_media":6731,"comment_status":"closed","ping_status":"closed","sticky":false,"template":"","format":"standard","meta":{"footnotes":""},"categories":[53],"tags":[],"class_list":["post-6730","post","type-post","status-publish","format-standard","has-post-thumbnail","hentry","category-noticias-generales"],"lang":"es","translations":{"es":6730,"pt":6733},"pll_sync_post":[],"post_mailing_queue_ids":[],"_links":{"self":[{"href":"http:\/\/staging.ibermusicas.org\/index.php\/wp-json\/wp\/v2\/posts\/6730","targetHints":{"allow":["GET"]}}],"collection":[{"href":"http:\/\/staging.ibermusicas.org\/index.php\/wp-json\/wp\/v2\/posts"}],"about":[{"href":"http:\/\/staging.ibermusicas.org\/index.php\/wp-json\/wp\/v2\/types\/post"}],"author":[{"embeddable":true,"href":"http:\/\/staging.ibermusicas.org\/index.php\/wp-json\/wp\/v2\/users\/1"}],"replies":[{"embeddable":true,"href":"http:\/\/staging.ibermusicas.org\/index.php\/wp-json\/wp\/v2\/comments?post=6730"}],"version-history":[{"count":1,"href":"http:\/\/staging.ibermusicas.org\/index.php\/wp-json\/wp\/v2\/posts\/6730\/revisions"}],"predecessor-version":[{"id":6732,"href":"http:\/\/staging.ibermusicas.org\/index.php\/wp-json\/wp\/v2\/posts\/6730\/revisions\/6732"}],"wp:featuredmedia":[{"embeddable":true,"href":"http:\/\/staging.ibermusicas.org\/index.php\/wp-json\/wp\/v2\/media\/6731"}],"wp:attachment":[{"href":"http:\/\/staging.ibermusicas.org\/index.php\/wp-json\/wp\/v2\/media?parent=6730"}],"wp:term":[{"taxonomy":"category","embeddable":true,"href":"http:\/\/staging.ibermusicas.org\/index.php\/wp-json\/wp\/v2\/categories?post=6730"},{"taxonomy":"post_tag","embeddable":true,"href":"http:\/\/staging.ibermusicas.org\/index.php\/wp-json\/wp\/v2\/tags?post=6730"}],"curies":[{"name":"wp","href":"https:\/\/api.w.org\/{rel}","templated":true}]}}