{"id":6733,"date":"2021-06-02T17:25:42","date_gmt":"2021-06-02T17:25:42","guid":{"rendered":"http:\/\/staging.ibermusicas.org\/?p=6733"},"modified":"2021-07-05T17:47:19","modified_gmt":"2021-07-05T17:47:19","slug":"uma-nova-transmissao-de-novas-ondas-de-radio-para-criancas-foi-feita-na-colombia","status":"publish","type":"post","link":"http:\/\/staging.ibermusicas.org\/index.php\/uma-nova-transmissao-de-novas-ondas-de-radio-para-criancas-foi-feita-na-colombia\/","title":{"rendered":"Uma nova transmiss\u00e3o de \u00abNovas ondas de r\u00e1dio para crian\u00e7as\u00bb foi feita na Col\u00f4mbia"},"content":{"rendered":"<p>O programa \u00abCom alma das crian\u00e7as\u00bb dedicou sua recente transmiss\u00e3o \u00e0 dupla \u00abSin cordones\u00bb (Sim laces) da cidade mais austral do continente, Ushuaia, prov\u00edncia de Tierra del Fuego, Argentina. \u201cSin cordones\u201d \u00e9 composta por Julieta Ontiverro e Leo Viturro. O programa gira em torno da proposta do \u00faltimo \u00e1lbum do dueto chamado \u00abCan\u00e7\u00f5es desencadeadas\u00bb.<\/p>\n<p>Via streaming\u00a0<a href=\"https:\/\/lt.mydplr.com\/33e6b9376c47014093feaebc7a2166c5-81868bec073b3970fa62af291f12b42d\" target=\"_blank\" rel=\"noopener\" data-saferedirecturl=\"https:\/\/www.google.com\/url?q=https:\/\/lt.mydplr.com\/33e6b9376c47014093feaebc7a2166c5-81868bec073b3970fa62af291f12b42d&amp;source=gmail&amp;ust=1622738309546000&amp;usg=AFQjCNHWYQYsiOboparSRmjsgZ_rjkQdiA\">aqui<\/a><\/p>\n","protected":false},"excerpt":{"rendered":"<p>O programa \u00abCom alma das crian\u00e7as\u00bb dedicou sua recente transmiss\u00e3o \u00e0 dupla \u00abSin cordones\u00bb (Sim laces) da cidade mais austral do continente, Ushuaia, prov\u00edncia de Tierra del Fuego, Argentina. \u201cSin cordones\u201d \u00e9 composta por Julieta Ontiverro e Leo Viturro. O programa gira em torno da proposta do \u00faltimo \u00e1lbum do dueto chamado \u00abCan\u00e7\u00f5es desencadeadas\u00bb. Via [&hellip;]<\/p>\n","protected":false},"author":1,"featured_media":6731,"comment_status":"closed","ping_status":"closed","sticky":false,"template":"","format":"standard","meta":{"footnotes":""},"categories":[218],"tags":[],"class_list":["post-6733","post","type-post","status-publish","format-standard","has-post-thumbnail","hentry","category-noticias-generales-pt"],"lang":"pt","translations":{"pt":6733,"es":6730},"pll_sync_post":[],"post_mailing_queue_ids":[],"_links":{"self":[{"href":"http:\/\/staging.ibermusicas.org\/index.php\/wp-json\/wp\/v2\/posts\/6733","targetHints":{"allow":["GET"]}}],"collection":[{"href":"http:\/\/staging.ibermusicas.org\/index.php\/wp-json\/wp\/v2\/posts"}],"about":[{"href":"http:\/\/staging.ibermusicas.org\/index.php\/wp-json\/wp\/v2\/types\/post"}],"author":[{"embeddable":true,"href":"http:\/\/staging.ibermusicas.org\/index.php\/wp-json\/wp\/v2\/users\/1"}],"replies":[{"embeddable":true,"href":"http:\/\/staging.ibermusicas.org\/index.php\/wp-json\/wp\/v2\/comments?post=6733"}],"version-history":[{"count":1,"href":"http:\/\/staging.ibermusicas.org\/index.php\/wp-json\/wp\/v2\/posts\/6733\/revisions"}],"predecessor-version":[{"id":6734,"href":"http:\/\/staging.ibermusicas.org\/index.php\/wp-json\/wp\/v2\/posts\/6733\/revisions\/6734"}],"wp:featuredmedia":[{"embeddable":true,"href":"http:\/\/staging.ibermusicas.org\/index.php\/wp-json\/wp\/v2\/media\/6731"}],"wp:attachment":[{"href":"http:\/\/staging.ibermusicas.org\/index.php\/wp-json\/wp\/v2\/media?parent=6733"}],"wp:term":[{"taxonomy":"category","embeddable":true,"href":"http:\/\/staging.ibermusicas.org\/index.php\/wp-json\/wp\/v2\/categories?post=6733"},{"taxonomy":"post_tag","embeddable":true,"href":"http:\/\/staging.ibermusicas.org\/index.php\/wp-json\/wp\/v2\/tags?post=6733"}],"curies":[{"name":"wp","href":"https:\/\/api.w.org\/{rel}","templated":true}]}}