{"id":6735,"date":"2021-06-02T17:28:24","date_gmt":"2021-06-02T17:28:24","guid":{"rendered":"http:\/\/staging.ibermusicas.org\/?p=6735"},"modified":"2021-07-05T17:45:15","modified_gmt":"2021-07-05T17:45:15","slug":"la-fundacion-danilo-perez-continua-con-su-ciclo-conexion-musical-panamena-en-esta-ocasion-con-la-presencia-de-la-cantante-y-docente-espanola-mar-fayosagrupacion-musical-encuentros","status":"publish","type":"post","link":"http:\/\/staging.ibermusicas.org\/index.php\/la-fundacion-danilo-perez-continua-con-su-ciclo-conexion-musical-panamena-en-esta-ocasion-con-la-presencia-de-la-cantante-y-docente-espanola-mar-fayosagrupacion-musical-encuentros\/","title":{"rendered":"La Fundaci\u00f3n Danilo P\u00e9rez contin\u00faa con su ciclo Conexi\u00f3n Musical Paname\u00f1a, en esta ocasi\u00f3n con la presencia de la cantante y docente espa\u00f1ola Mar FayosAgrupaci\u00f3n Musical Encuentros"},"content":{"rendered":"<p>La Fundaci\u00f3n Danilo P\u00e9rez es una organizaci\u00f3n sin fines de lucro que promueve tutor\u00edas, formaci\u00f3n y estimulaci\u00f3n musical para ni\u00f1os, ni\u00f1as, adolescentes y j\u00f3venes con talento para la m\u00fasica y carreras afines. Impulsan el desarrollo integral a trav\u00e9s de la ense\u00f1anza musical, sin importar condici\u00f3n socioecon\u00f3mica, con la finalidad de que los beneficiarios se conviertan en profesionales.<\/p>\n<p>El proyecto Conexi\u00f3n Musical Paname\u00f1a consiste en brindar actividades de educaci\u00f3n musical continua y gratuita en formato virtual para facilitar a estudiantes paname\u00f1os y de Iberoam\u00e9rica el acceso a saberes transmitidos por artistas y profesores de m\u00fasica nacional e internacional. Cuentan con una plataforma de m\u00e1s de 100 artistas y educadores que apoyan los proyectos sociales y educativos de la Fundaci\u00f3n Danilo P\u00e9rez desde diversas partes del mundo.<\/p>\n<p>Mar Fayos es una cantante de Jazz fusi\u00f3n, compositora, productora de espect\u00e1culos de m\u00fasica en vivo, educadora y activista musical procedente de Sabadell. Graduada Summa Cum Laude en Interpretaci\u00f3n Vocal, Arreglos y especializada en Direcci\u00f3n Contempor\u00e1nea por el Berklee College of Music en 2018, actualmente Mar Fayos contin\u00faa su formaci\u00f3n como alumna del M\u00e1ster de M\u00fasica en Interpretaci\u00f3n Contempor\u00e1nea (Jazz) ofrecida por el Berklee Global Jazz Institute, gracias a una beca completa, y recibiendo instrucci\u00f3n de prestigiosos m\u00fasicos como Danilo P\u00e9rez, John Patitucci, Terri Lyne Carrington y Joe Lovano, entre otros.<\/p>\n<p>Ha recibido multitud de premios y nominaciones tanto nacional como internacionalmente en los \u00faltimos a\u00f1os y ha trabajado con artistas como Dee Dee Bridgewater, Armando Manzanero y Mariza, entre otros. Adem\u00e1s, ha colaborado en proyectos junto a los Consulados de M\u00e9xico y Per\u00fa en Boston, Iberia Aerol\u00edneas, el Observatorio del Instituto Cervantes en la Universidad de Harvard y la discogr\u00e1fica Sony Latin US con la productora Casa Lim\u00f3n.<\/p>\n<p>jueves 24 de junio, 17 hs. (horario de Panam\u00e1)\u00a0<a href=\"http:\/\/linktr.ee\/fundaciondaniloperez\" target=\"_blank\" rel=\"noopener\" data-saferedirecturl=\"https:\/\/www.google.com\/url?q=http:\/\/linktr.ee\/fundaciondaniloperez&amp;source=gmail&amp;ust=1622738309546000&amp;usg=AFQjCNHyYhzZTEuiAuCy8ZX6_y4qr38ouQ\">aqu\u00ed<\/a><\/p>\n","protected":false},"excerpt":{"rendered":"<p>La Fundaci\u00f3n Danilo P\u00e9rez es una organizaci\u00f3n sin fines de lucro que promueve tutor\u00edas, formaci\u00f3n y estimulaci\u00f3n musical para ni\u00f1os, ni\u00f1as, adolescentes y j\u00f3venes con talento para la m\u00fasica y carreras afines. Impulsan el desarrollo integral a trav\u00e9s de la ense\u00f1anza musical, sin importar condici\u00f3n socioecon\u00f3mica, con la finalidad de que los beneficiarios se conviertan [&hellip;]<\/p>\n","protected":false},"author":1,"featured_media":6736,"comment_status":"closed","ping_status":"closed","sticky":false,"template":"","format":"standard","meta":{"footnotes":""},"categories":[53],"tags":[],"class_list":["post-6735","post","type-post","status-publish","format-standard","has-post-thumbnail","hentry","category-noticias-generales"],"lang":"es","translations":{"es":6735,"pt":6738},"pll_sync_post":[],"post_mailing_queue_ids":[],"_links":{"self":[{"href":"http:\/\/staging.ibermusicas.org\/index.php\/wp-json\/wp\/v2\/posts\/6735","targetHints":{"allow":["GET"]}}],"collection":[{"href":"http:\/\/staging.ibermusicas.org\/index.php\/wp-json\/wp\/v2\/posts"}],"about":[{"href":"http:\/\/staging.ibermusicas.org\/index.php\/wp-json\/wp\/v2\/types\/post"}],"author":[{"embeddable":true,"href":"http:\/\/staging.ibermusicas.org\/index.php\/wp-json\/wp\/v2\/users\/1"}],"replies":[{"embeddable":true,"href":"http:\/\/staging.ibermusicas.org\/index.php\/wp-json\/wp\/v2\/comments?post=6735"}],"version-history":[{"count":1,"href":"http:\/\/staging.ibermusicas.org\/index.php\/wp-json\/wp\/v2\/posts\/6735\/revisions"}],"predecessor-version":[{"id":6737,"href":"http:\/\/staging.ibermusicas.org\/index.php\/wp-json\/wp\/v2\/posts\/6735\/revisions\/6737"}],"wp:featuredmedia":[{"embeddable":true,"href":"http:\/\/staging.ibermusicas.org\/index.php\/wp-json\/wp\/v2\/media\/6736"}],"wp:attachment":[{"href":"http:\/\/staging.ibermusicas.org\/index.php\/wp-json\/wp\/v2\/media?parent=6735"}],"wp:term":[{"taxonomy":"category","embeddable":true,"href":"http:\/\/staging.ibermusicas.org\/index.php\/wp-json\/wp\/v2\/categories?post=6735"},{"taxonomy":"post_tag","embeddable":true,"href":"http:\/\/staging.ibermusicas.org\/index.php\/wp-json\/wp\/v2\/tags?post=6735"}],"curies":[{"name":"wp","href":"https:\/\/api.w.org\/{rel}","templated":true}]}}