{"id":6740,"date":"2021-06-02T17:31:11","date_gmt":"2021-06-02T17:31:11","guid":{"rendered":"http:\/\/staging.ibermusicas.org\/?p=6740"},"modified":"2021-07-05T17:45:06","modified_gmt":"2021-07-05T17:45:06","slug":"maga-falcoff-de-argentina-y-kenneth-saravia-de-peru-se-encuentran-en-une-para-brindar-una-clase-abierta-sobre-ritmos-y-estilos-latinoamericanos","status":"publish","type":"post","link":"http:\/\/staging.ibermusicas.org\/index.php\/maga-falcoff-de-argentina-y-kenneth-saravia-de-peru-se-encuentran-en-une-para-brindar-una-clase-abierta-sobre-ritmos-y-estilos-latinoamericanos\/","title":{"rendered":"Maga Falcoff de Argentina y Kenneth Saravia de Per\u00fa se encuentran en UNE para brindar una clase abierta sobre ritmos y estilos latinoamericanos"},"content":{"rendered":"<p>Maga Falcoff es cantante, percusionista, pianista y compositora. Profesora de canto y percusi\u00f3n. Dirige ensambles afrolatinoamericanos. Trabaja en la idea de Cantar y tocar percusi\u00f3n simult\u00e1neamente, da talleres de ritmos afrolatinoamericanos que tienen ese concepto.<\/p>\n<p>Kenneth Saravia es virtuoso del piano desde sus primeros a\u00f1os. Es un m\u00fasico muy solicitado para trabajos en el Per\u00fa y otros pa\u00edses.<\/p>\n<p>Juntos brindar\u00e1n una clase abierta acerca abordando diversos ritmos y estilos latinoamericanos, entre ellos, huayno, chacarera, candombe y festejo utilizando los elementos para composici\u00f3n y arreglos.<\/p>\n<p>Domingo 27 de junio, 17:00 hs. (Per\u00fa), 19:00 hs. (Argentina). Plataforma: zoom<\/p>\n","protected":false},"excerpt":{"rendered":"<p>Maga Falcoff es cantante, percusionista, pianista y compositora. Profesora de canto y percusi\u00f3n. Dirige ensambles afrolatinoamericanos. Trabaja en la idea de Cantar y tocar percusi\u00f3n simult\u00e1neamente, da talleres de ritmos afrolatinoamericanos que tienen ese concepto. Kenneth Saravia es virtuoso del piano desde sus primeros a\u00f1os. Es un m\u00fasico muy solicitado para trabajos en el Per\u00fa [&hellip;]<\/p>\n","protected":false},"author":1,"featured_media":6741,"comment_status":"closed","ping_status":"closed","sticky":false,"template":"","format":"standard","meta":{"footnotes":""},"categories":[53],"tags":[],"class_list":["post-6740","post","type-post","status-publish","format-standard","has-post-thumbnail","hentry","category-noticias-generales"],"lang":"es","translations":{"es":6740,"pt":6743},"pll_sync_post":[],"post_mailing_queue_ids":[],"_links":{"self":[{"href":"http:\/\/staging.ibermusicas.org\/index.php\/wp-json\/wp\/v2\/posts\/6740","targetHints":{"allow":["GET"]}}],"collection":[{"href":"http:\/\/staging.ibermusicas.org\/index.php\/wp-json\/wp\/v2\/posts"}],"about":[{"href":"http:\/\/staging.ibermusicas.org\/index.php\/wp-json\/wp\/v2\/types\/post"}],"author":[{"embeddable":true,"href":"http:\/\/staging.ibermusicas.org\/index.php\/wp-json\/wp\/v2\/users\/1"}],"replies":[{"embeddable":true,"href":"http:\/\/staging.ibermusicas.org\/index.php\/wp-json\/wp\/v2\/comments?post=6740"}],"version-history":[{"count":1,"href":"http:\/\/staging.ibermusicas.org\/index.php\/wp-json\/wp\/v2\/posts\/6740\/revisions"}],"predecessor-version":[{"id":6742,"href":"http:\/\/staging.ibermusicas.org\/index.php\/wp-json\/wp\/v2\/posts\/6740\/revisions\/6742"}],"wp:featuredmedia":[{"embeddable":true,"href":"http:\/\/staging.ibermusicas.org\/index.php\/wp-json\/wp\/v2\/media\/6741"}],"wp:attachment":[{"href":"http:\/\/staging.ibermusicas.org\/index.php\/wp-json\/wp\/v2\/media?parent=6740"}],"wp:term":[{"taxonomy":"category","embeddable":true,"href":"http:\/\/staging.ibermusicas.org\/index.php\/wp-json\/wp\/v2\/categories?post=6740"},{"taxonomy":"post_tag","embeddable":true,"href":"http:\/\/staging.ibermusicas.org\/index.php\/wp-json\/wp\/v2\/tags?post=6740"}],"curies":[{"name":"wp","href":"https:\/\/api.w.org\/{rel}","templated":true}]}}