{"id":6743,"date":"2021-06-02T17:32:34","date_gmt":"2021-06-02T17:32:34","guid":{"rendered":"http:\/\/staging.ibermusicas.org\/?p=6743"},"modified":"2021-07-05T17:47:06","modified_gmt":"2021-07-05T17:47:06","slug":"maga-falcoff-da-argentina-e-kenneth-saravia-do-peru-se-reunem-na-une-para-dar-uma-aula-aberta-sobre-ritmos-e-estilos-latino-americanos","status":"publish","type":"post","link":"http:\/\/staging.ibermusicas.org\/index.php\/maga-falcoff-da-argentina-e-kenneth-saravia-do-peru-se-reunem-na-une-para-dar-uma-aula-aberta-sobre-ritmos-e-estilos-latino-americanos\/","title":{"rendered":"Maga Falcoff da Argentina e Kenneth Saravia do Peru se re\u00fanem na UNE para dar uma aula aberta sobre ritmos e estilos latino-americanos"},"content":{"rendered":"<p>Maga Falcoff \u00e9 cantora, percussionista, pianista e compositora. Professora de canto e percuss\u00e3o. Dirige conjuntos afro-latino-americanos. Trabalha a ideia de cantar e tocar percuss\u00e3o simultaneamente, ministra workshops sobre ritmos afro-latino-americanos que t\u00eam esse conceito.<\/p>\n<p>Kenneth Saravia es virtuoso del piano desde sus primeros a\u00f1os. Es un m\u00fasico muy solicitado para trabajos en el Per\u00fa y otros pa\u00edses.<\/p>\n<p>Juntos brindar\u00e1n una clase abierta acerca abordando diversos ritmos y estilos latinoamericano<\/p>\n","protected":false},"excerpt":{"rendered":"<p>Maga Falcoff \u00e9 cantora, percussionista, pianista e compositora. Professora de canto e percuss\u00e3o. Dirige conjuntos afro-latino-americanos. Trabalha a ideia de cantar e tocar percuss\u00e3o simultaneamente, ministra workshops sobre ritmos afro-latino-americanos que t\u00eam esse conceito. Kenneth Saravia es virtuoso del piano desde sus primeros a\u00f1os. Es un m\u00fasico muy solicitado para trabajos en el Per\u00fa y [&hellip;]<\/p>\n","protected":false},"author":1,"featured_media":6741,"comment_status":"closed","ping_status":"closed","sticky":false,"template":"","format":"standard","meta":{"footnotes":""},"categories":[218],"tags":[],"class_list":["post-6743","post","type-post","status-publish","format-standard","has-post-thumbnail","hentry","category-noticias-generales-pt"],"lang":"pt","translations":{"pt":6743,"es":6740},"pll_sync_post":[],"post_mailing_queue_ids":[],"_links":{"self":[{"href":"http:\/\/staging.ibermusicas.org\/index.php\/wp-json\/wp\/v2\/posts\/6743","targetHints":{"allow":["GET"]}}],"collection":[{"href":"http:\/\/staging.ibermusicas.org\/index.php\/wp-json\/wp\/v2\/posts"}],"about":[{"href":"http:\/\/staging.ibermusicas.org\/index.php\/wp-json\/wp\/v2\/types\/post"}],"author":[{"embeddable":true,"href":"http:\/\/staging.ibermusicas.org\/index.php\/wp-json\/wp\/v2\/users\/1"}],"replies":[{"embeddable":true,"href":"http:\/\/staging.ibermusicas.org\/index.php\/wp-json\/wp\/v2\/comments?post=6743"}],"version-history":[{"count":1,"href":"http:\/\/staging.ibermusicas.org\/index.php\/wp-json\/wp\/v2\/posts\/6743\/revisions"}],"predecessor-version":[{"id":6744,"href":"http:\/\/staging.ibermusicas.org\/index.php\/wp-json\/wp\/v2\/posts\/6743\/revisions\/6744"}],"wp:featuredmedia":[{"embeddable":true,"href":"http:\/\/staging.ibermusicas.org\/index.php\/wp-json\/wp\/v2\/media\/6741"}],"wp:attachment":[{"href":"http:\/\/staging.ibermusicas.org\/index.php\/wp-json\/wp\/v2\/media?parent=6743"}],"wp:term":[{"taxonomy":"category","embeddable":true,"href":"http:\/\/staging.ibermusicas.org\/index.php\/wp-json\/wp\/v2\/categories?post=6743"},{"taxonomy":"post_tag","embeddable":true,"href":"http:\/\/staging.ibermusicas.org\/index.php\/wp-json\/wp\/v2\/tags?post=6743"}],"curies":[{"name":"wp","href":"https:\/\/api.w.org\/{rel}","templated":true}]}}