{"id":6804,"date":"2017-01-22T11:36:46","date_gmt":"2017-01-22T11:36:46","guid":{"rendered":"http:\/\/staging.ibermusicas.org\/?p=6804"},"modified":"2021-06-12T11:38:33","modified_gmt":"2021-06-12T11:38:33","slug":"el-carnaval-de-bahidora-de-mexico-incluye-en-su-programacion-a-la-agrupacion-colombiana-frente-cumbiero","status":"publish","type":"post","link":"http:\/\/staging.ibermusicas.org\/index.php\/el-carnaval-de-bahidora-de-mexico-incluye-en-su-programacion-a-la-agrupacion-colombiana-frente-cumbiero\/","title":{"rendered":"El CARNAVAL DE BAHIDOR\u00c1 de M\u00e9xico incluye en su programaci\u00f3n a la agrupaci\u00f3n colombiana FRENTE CUMBIERO"},"content":{"rendered":"<p><span data-sheets-value=\"{&quot;1&quot;:2,&quot;2&quot;:&quot;Del 17 al 19 de febrero en el paradis\u00edaco ecosistema de \\&quot;Las Etacas\\&quot;, el parque natural de Tlaltizap\u00e1n en Morelos, M\u00e9xico se celebrar\u00e1 la quinta edici\u00f3n del Carnaval de Bahidor\u00e1 un evento sostenible dentro de un microcosmos compuesto por el lugar, su gente, las actividades y la m\u00fasica.\\r &quot;}\" data-sheets-userformat=\"{&quot;2&quot;:513,&quot;3&quot;:{&quot;1&quot;:0},&quot;12&quot;:0}\">Del 17 al 19 de febrero en el paradis\u00edaco ecosistema de \u00abLas Etacas\u00bb, el parque natural de Tlaltizap\u00e1n en Morelos, M\u00e9xico se celebrar\u00e1 la quinta edici\u00f3n del Carnaval de Bahidor\u00e1 un evento sostenible dentro de un microcosmos compuesto por el lugar, su gente, las actividades y la m\u00fasica. <\/span><\/p>\n","protected":false},"excerpt":{"rendered":"<p>Del 17 al 19 de febrero en el paradis\u00edaco ecosistema de \u00abLas Etacas\u00bb, el parque natural de Tlaltizap\u00e1n en Morelos, M\u00e9xico se celebrar\u00e1 la quinta edici\u00f3n del Carnaval de Bahidor\u00e1 un evento sostenible dentro de un microcosmos compuesto por el lugar, su gente, las actividades y la m\u00fasica.<\/p>\n","protected":false},"author":1,"featured_media":6805,"comment_status":"closed","ping_status":"closed","sticky":false,"template":"","format":"standard","meta":{"footnotes":""},"categories":[53],"tags":[],"class_list":["post-6804","post","type-post","status-publish","format-standard","has-post-thumbnail","hentry","category-noticias-generales"],"lang":"es","translations":{"es":6804},"pll_sync_post":[],"post_mailing_queue_ids":[],"_links":{"self":[{"href":"http:\/\/staging.ibermusicas.org\/index.php\/wp-json\/wp\/v2\/posts\/6804","targetHints":{"allow":["GET"]}}],"collection":[{"href":"http:\/\/staging.ibermusicas.org\/index.php\/wp-json\/wp\/v2\/posts"}],"about":[{"href":"http:\/\/staging.ibermusicas.org\/index.php\/wp-json\/wp\/v2\/types\/post"}],"author":[{"embeddable":true,"href":"http:\/\/staging.ibermusicas.org\/index.php\/wp-json\/wp\/v2\/users\/1"}],"replies":[{"embeddable":true,"href":"http:\/\/staging.ibermusicas.org\/index.php\/wp-json\/wp\/v2\/comments?post=6804"}],"version-history":[{"count":1,"href":"http:\/\/staging.ibermusicas.org\/index.php\/wp-json\/wp\/v2\/posts\/6804\/revisions"}],"predecessor-version":[{"id":6806,"href":"http:\/\/staging.ibermusicas.org\/index.php\/wp-json\/wp\/v2\/posts\/6804\/revisions\/6806"}],"wp:featuredmedia":[{"embeddable":true,"href":"http:\/\/staging.ibermusicas.org\/index.php\/wp-json\/wp\/v2\/media\/6805"}],"wp:attachment":[{"href":"http:\/\/staging.ibermusicas.org\/index.php\/wp-json\/wp\/v2\/media?parent=6804"}],"wp:term":[{"taxonomy":"category","embeddable":true,"href":"http:\/\/staging.ibermusicas.org\/index.php\/wp-json\/wp\/v2\/categories?post=6804"},{"taxonomy":"post_tag","embeddable":true,"href":"http:\/\/staging.ibermusicas.org\/index.php\/wp-json\/wp\/v2\/tags?post=6804"}],"curies":[{"name":"wp","href":"https:\/\/api.w.org\/{rel}","templated":true}]}}